{"id":70360,"date":"2024-12-03T05:11:16","date_gmt":"2024-12-03T11:11:16","guid":{"rendered":"https:\/\/elinformante.mx\/?p=70360"},"modified":"2024-12-03T05:11:18","modified_gmt":"2024-12-03T11:11:18","slug":"podria-checo-perez-dejar-de-correr-en-red-bull-al-terminar-la-temporada-2024","status":"publish","type":"post","link":"https:\/\/elinformante.mx\/?p=70360","title":{"rendered":"Podr\u00eda \u201cCheco\u201d P\u00e9rez dejar de correr en Red Bull al terminar la temporada 2024"},"content":{"rendered":"\n<figure class=\"wp-block-pullquote\"><blockquote><p>A\u00fan no es claro si la escuder\u00eda tomar\u00eda la decisi\u00f3n de prescindir del piloto mexicano.<\/p><\/blockquote><\/figure>\n\n\n\n<p class=\"has-drop-cap\">Tras el paso de cuatro temporadas con el equipo, el piloto mexicano Sergio \u201cCheco\u201d P\u00e9rez dejar\u00eda la escuder\u00eda Red Bull al final de esta temporada luego del Gran Premio de Abu Dhabi.<br><\/p>\n\n\n\n<p>La informaci\u00f3n la dio a conocer ESPN, que mencion\u00f3 que esta decisi\u00f3n se produjo despu\u00e9s de lo visto durante el Gran Premio de Qatar, donde Checo marchaba en quinto lugar, pero tuvo que abandonar la competencia en la vuelta 40 debido a un trompo que lo dej\u00f3 sin puntos.<br><\/p>\n\n\n\n<p>Los malos resultados en 2024 para Checo fueron evidentes, pues no pudo ganar esta temporada y no alcanz\u00f3 un podio desde abril en el GP de China. M\u00e1s grave a\u00fan, marcha octavo del campeonato de pilotos con 152 puntos, y esta escasa producci\u00f3n tuvo como consecuencia que el esfuerzo de Verstappen no fuera suficiente en el campeonato de constructores, ah\u00ed Red Bull cay\u00f3 al tercer lugar.<br><\/p>\n\n\n\n<p>A mediados de este a\u00f1o, la escuder\u00eda de Milton Keynes, dirigida por Christian Horner, hab\u00eda mostrado un gran respaldo a Checo P\u00e9rez, al renovar su contrato para las dos pr\u00f3ximas temporadas, sin embargo, las cosas no mejoraron mucho desde entonces.<br><\/p>\n\n\n\n<p>Pero es est\u00e1 \u00faltima renovaci\u00f3n, por lo que, ESPN apunta, Checo no puede ser despedido directamente, por lo que el equipo le ofrecer\u00e1 al mexicano continuar en la escuder\u00eda con un rol diferente, dejando la decisi\u00f3n en sus manos, como insinu\u00f3 Horner despu\u00e9s de la carrera en el circuito de Lusail.<br><\/p>\n\n\n\n<p>Sin embargo ya suena los posibles remplazos de \u201cCheco\u201d, entre los nombres que se dicen ser\u00edan su remplazo estan Franco Colapinto y Yuki Tsunoda, sin em bargo el plan de Red Bull es que el neozeland\u00e9s Liam Lawson de la filial sea el sustituto de Checo P\u00e9rez para la temporada 2025.<br><\/p>\n\n\n\n<p>De esta forma, el nuevo compa\u00f1ero del piloto japon\u00e9s en RB ser\u00eda el franc\u00e9s Isack Hadjar, quien es miembro de la academia de pilotos de Red Bull y probar\u00e1 el monoplaza RB20 en las pr\u00f3ximas pr\u00e1cticas libres.<\/p>\n","protected":false},"excerpt":{"rendered":"<p>A\u00fan no es claro si la escuder\u00eda tomar\u00eda la decisi\u00f3n de prescindir del piloto mexicano. Tras el paso de cuatro temporadas con el equipo, el piloto mexicano Sergio \u201cCheco\u201d P\u00e9rez dejar\u00eda la escuder\u00eda Red Bull al final de esta temporada luego del Gran Premio de Abu Dhabi. La informaci\u00f3n la dio a conocer ESPN, que [&hellip;]<\/p>\n","protected":false},"author":1,"featured_media":70361,"comment_status":"closed","ping_status":"closed","sticky":false,"template":"","format":"standard","meta":{"footnotes":""},"categories":[38],"tags":[],"class_list":["post-70360","post","type-post","status-publish","format-standard","has-post-thumbnail","hentry","category-deportes"],"_links":{"self":[{"href":"https:\/\/elinformante.mx\/index.php?rest_route=\/wp\/v2\/posts\/70360","targetHints":{"allow":["GET"]}}],"collection":[{"href":"https:\/\/elinformante.mx\/index.php?rest_route=\/wp\/v2\/posts"}],"about":[{"href":"https:\/\/elinformante.mx\/index.php?rest_route=\/wp\/v2\/types\/post"}],"author":[{"embeddable":true,"href":"https:\/\/elinformante.mx\/index.php?rest_route=\/wp\/v2\/users\/1"}],"replies":[{"embeddable":true,"href":"https:\/\/elinformante.mx\/index.php?rest_route=%2Fwp%2Fv2%2Fcomments&post=70360"}],"version-history":[{"count":0,"href":"https:\/\/elinformante.mx\/index.php?rest_route=\/wp\/v2\/posts\/70360\/revisions"}],"wp:featuredmedia":[{"embeddable":true,"href":"https:\/\/elinformante.mx\/index.php?rest_route=\/wp\/v2\/media\/70361"}],"wp:attachment":[{"href":"https:\/\/elinformante.mx\/index.php?rest_route=%2Fwp%2Fv2%2Fmedia&parent=70360"}],"wp:term":[{"taxonomy":"category","embeddable":true,"href":"https:\/\/elinformante.mx\/index.php?rest_route=%2Fwp%2Fv2%2Fcategories&post=70360"},{"taxonomy":"post_tag","embeddable":true,"href":"https:\/\/elinformante.mx\/index.php?rest_route=%2Fwp%2Fv2%2Ftags&post=70360"}],"curies":[{"name":"wp","href":"https:\/\/api.w.org\/{rel}","templated":true}]}}