{"id":70363,"date":"2024-12-03T05:12:48","date_gmt":"2024-12-03T11:12:48","guid":{"rendered":"https:\/\/elinformante.mx\/?p=70363"},"modified":"2024-12-03T05:12:50","modified_gmt":"2024-12-03T11:12:50","slug":"llega-oscar-garcia-junyent-cono-nuevo-dt-de-chivas","status":"publish","type":"post","link":"https:\/\/elinformante.mx\/?p=70363","title":{"rendered":"Llega \u00d3scar Garc\u00eda Junyent cono nuevo DT de Chivas"},"content":{"rendered":"\n<figure class=\"wp-block-pullquote\"><blockquote><p>Ya fue anunciado que el espa\u00f1ol se har\u00e1 cargo del reba\u00f1o en el Clausura 2025 de la Liga MX<\/p><\/blockquote><\/figure>\n\n\n\n<p class=\"has-drop-cap\">El Club Guadalajara anunci\u00f3 a trav\u00e9s de sus redes sociales que \u00d3scar Garc\u00eda Junyent es el nuevo t\u00e9cnico del equipo para el Clausura 2025 de la Liga MX y la Concachampions.\u201cDesde hoy tienes el respaldo de una enorme afici\u00f3n que te va a acompa\u00f1ar a ti y a tu equipo hasta el final\u201d, se lee en la publicaci\u00f3n del conjunto rojiblanco.<br><\/p>\n\n\n\n<p>El reba\u00f1o tratar\u00e1 de formar un nuevo proyecto ganador que los lleve a planos estelares, luego de que en el Apertura 2024 fracasaron al no ingresar a la Liguilla, tras caer en el Play-in.<br><\/p>\n\n\n\n<p>\u00d3scar Garc\u00eda tratar\u00e1 de imprimirle a Chivas un sello ofensivo; adem\u00e1s de tener el objetivo de promover a las nuevas promesas del equipo que est\u00e1n surgiendo en fuerzas b\u00e1sicas.<br><\/p>\n\n\n\n<p>\u201cCon la metodolog\u00eda y el modelo de juego que suele desarrollar, el entrenador espa\u00f1ol buscar\u00e1 que el Reba\u00f1o Sagrado pueda ser protagonista de sus partidos a trav\u00e9s de la posesi\u00f3n del bal\u00f3n.<br><\/p>\n\n\n\n<p>El DT espa\u00f1ol sabe trabajar con equipos que tienen un equilibrio entre jugadores experimentados y j\u00f3venes en desarrollo, lo cual mantendr\u00e1 abiertas las puertas para los talentos de la Cantera Rojiblanca, explica el comunicado de la instituci\u00f3n.<br><\/p>\n\n\n\n<p>El estratega espa\u00f1ol, nacido en Sabadell, Barcelona, surgi\u00f3 de las fuerzas b\u00e1sicas blaugranas y se desempe\u00f1\u00f3 como mediocampista.<br><\/p>\n\n\n\n<p>Su trayectoria en el banquillo arranc\u00f3 en el 2009 en el Barcelona Juvenil A. Posteriormente, en 2012 asumi\u00f3 como DT del Maccabi Tel Aviv, con el que gan\u00f3 el t\u00edtulo de la Liga de Israel.<br><\/p>\n\n\n\n<p>Asimismo, tiene experiencia en el f\u00fatbol ingl\u00e9s tras dirigir al Brighton y el Watford. En 2015 lleg\u00f3 al RB Salzburgo de Austria, donde logr\u00f3 la Liga y la Copa de las Temporadas 2015-2016 y 2016-2017. Adem\u00e1s, disput\u00f3 eliminatorias de Champions League y Europa League.<br><\/p>\n\n\n\n<p>Su trayectoria tambi\u00e9n contempla equipos en Francia como el Saint-Etienne y el Stade de Reims. En Grecia se hizo cargo del Olympiakos, en Espa\u00f1a tom\u00f3 las riendas del Celta de Vigo y en B\u00e9lgica dirigi\u00f3 al OH Leuven, por lo que Chivas conf\u00eda en que su amplia experiencia los lleve a planos estelares.<\/p>\n\n\n\n<h2 class=\"wp-block-heading\">Triunfos de \u00d3scar Garc\u00eda como entrenador<\/h2>\n\n\n\n<ul class=\"wp-block-list\">\n<li>2 Ligas de Austria, 2 Copas de Austria, 1 Liga de Israel.<\/li>\n<\/ul>\n\n\n\n<h2 class=\"wp-block-heading\">Los n\u00fameros de \u00d3scar Garc\u00eda como DT<\/h2>\n\n\n\n<ul class=\"wp-block-list\">\n<li>5 campeonatos, 309 partidos dirigidos, 132 victorias, 94 empates, 83 derrotas.<\/li>\n<\/ul>\n","protected":false},"excerpt":{"rendered":"<p>Ya fue anunciado que el espa\u00f1ol se har\u00e1 cargo del reba\u00f1o en el Clausura 2025 de la Liga MX El Club Guadalajara anunci\u00f3 a trav\u00e9s de sus redes sociales que \u00d3scar Garc\u00eda Junyent es el nuevo t\u00e9cnico del equipo para el Clausura 2025 de la Liga MX y la Concachampions.\u201cDesde hoy tienes el respaldo de [&hellip;]<\/p>\n","protected":false},"author":1,"featured_media":70364,"comment_status":"closed","ping_status":"closed","sticky":false,"template":"","format":"standard","meta":{"footnotes":""},"categories":[38],"tags":[],"class_list":["post-70363","post","type-post","status-publish","format-standard","has-post-thumbnail","hentry","category-deportes"],"_links":{"self":[{"href":"https:\/\/elinformante.mx\/index.php?rest_route=\/wp\/v2\/posts\/70363","targetHints":{"allow":["GET"]}}],"collection":[{"href":"https:\/\/elinformante.mx\/index.php?rest_route=\/wp\/v2\/posts"}],"about":[{"href":"https:\/\/elinformante.mx\/index.php?rest_route=\/wp\/v2\/types\/post"}],"author":[{"embeddable":true,"href":"https:\/\/elinformante.mx\/index.php?rest_route=\/wp\/v2\/users\/1"}],"replies":[{"embeddable":true,"href":"https:\/\/elinformante.mx\/index.php?rest_route=%2Fwp%2Fv2%2Fcomments&post=70363"}],"version-history":[{"count":0,"href":"https:\/\/elinformante.mx\/index.php?rest_route=\/wp\/v2\/posts\/70363\/revisions"}],"wp:featuredmedia":[{"embeddable":true,"href":"https:\/\/elinformante.mx\/index.php?rest_route=\/wp\/v2\/media\/70364"}],"wp:attachment":[{"href":"https:\/\/elinformante.mx\/index.php?rest_route=%2Fwp%2Fv2%2Fmedia&parent=70363"}],"wp:term":[{"taxonomy":"category","embeddable":true,"href":"https:\/\/elinformante.mx\/index.php?rest_route=%2Fwp%2Fv2%2Fcategories&post=70363"},{"taxonomy":"post_tag","embeddable":true,"href":"https:\/\/elinformante.mx\/index.php?rest_route=%2Fwp%2Fv2%2Ftags&post=70363"}],"curies":[{"name":"wp","href":"https:\/\/api.w.org\/{rel}","templated":true}]}}