{"id":70366,"date":"2024-12-03T05:13:44","date_gmt":"2024-12-03T11:13:44","guid":{"rendered":"https:\/\/elinformante.mx\/?p=70366"},"modified":"2024-12-03T05:13:45","modified_gmt":"2024-12-03T11:13:45","slug":"sentencian-a-35-anos-de-prision-a-sujeto-acusado-de-feminicidio-en-el-municipio-de-la-paz","status":"publish","type":"post","link":"https:\/\/elinformante.mx\/?p=70366","title":{"rendered":"Sentencian a 35 a\u00f1os de prisi\u00f3n a sujeto acusado de feminicidio en el municipio de La Paz"},"content":{"rendered":"\n<figure class=\"wp-block-pullquote\"><blockquote><p>Fue detenido en el mes de abril de 2024, en cumplimiento a una orden de aprehensi\u00f3n girada en su contra por estos hechos.<\/p><\/blockquote><\/figure>\n\n\n\n<p class=\"has-drop-cap\">Pedro Amaro Contreras fue sentenciado a 35 a\u00f1os de prisi\u00f3n, despu\u00e9s de que la FGJEM acredit\u00f3 su intervenci\u00f3n en el delito de feminicidio en agravio de su pareja sentimental, a quien priv\u00f3 de la vida en esta regi\u00f3n de la entidad en el a\u00f1o 2018.<br><\/p>\n\n\n\n<p>El 31 de diciembre de ese a\u00f1o, tanto la v\u00edctima como el ahora sentenciado se encontraban al interior de un domicilio ubicado en la colonia Emiliano Zapata, en el municipio de La Paz, donde en alg\u00fan momento iniciaron una discusi\u00f3n a causa de problemas personales. En la disputa ese individuo agredi\u00f3 f\u00edsicamente a la v\u00edctima y luego la asfixi\u00f3, para despu\u00e9s huir.<br><\/p>\n\n\n\n<p>Agentes de la FGJEM iniciaron las diligencias respectivas para esclarecer este feminicidio; con el avance en la investigaci\u00f3n el Ministerio P\u00fablico obtuvo de la Autoridad Judicial orden de aprehensi\u00f3n contra el posible implicado. En el desarrollo de la investigaci\u00f3n la FGJEM cont\u00f3 con el apoyo de la activista Frida Guerrera.<br><\/p>\n\n\n\n<p>En el mes de abril de 2024, Pedro Amaro Contreras fue aprehendido por elementos de la Polic\u00eda de Investigaci\u00f3n e ingresado al Centro Penitenciario y de Reinserci\u00f3n Social de Nezahualc\u00f3yotl a disposici\u00f3n del \u00d3rgano Jurisdiccional, quien tras proceso legal, le dict\u00f3 esta sentencia de condena.<\/p>\n","protected":false},"excerpt":{"rendered":"<p>Fue detenido en el mes de abril de 2024, en cumplimiento a una orden de aprehensi\u00f3n girada en su contra por estos hechos. Pedro Amaro Contreras fue sentenciado a 35 a\u00f1os de prisi\u00f3n, despu\u00e9s de que la FGJEM acredit\u00f3 su intervenci\u00f3n en el delito de feminicidio en agravio de su pareja sentimental, a quien priv\u00f3 [&hellip;]<\/p>\n","protected":false},"author":1,"featured_media":70367,"comment_status":"closed","ping_status":"closed","sticky":false,"template":"","format":"standard","meta":{"footnotes":""},"categories":[36,37],"tags":[],"class_list":["post-70366","post","type-post","status-publish","format-standard","has-post-thumbnail","hentry","category-edomex","category-justicia"],"_links":{"self":[{"href":"https:\/\/elinformante.mx\/index.php?rest_route=\/wp\/v2\/posts\/70366","targetHints":{"allow":["GET"]}}],"collection":[{"href":"https:\/\/elinformante.mx\/index.php?rest_route=\/wp\/v2\/posts"}],"about":[{"href":"https:\/\/elinformante.mx\/index.php?rest_route=\/wp\/v2\/types\/post"}],"author":[{"embeddable":true,"href":"https:\/\/elinformante.mx\/index.php?rest_route=\/wp\/v2\/users\/1"}],"replies":[{"embeddable":true,"href":"https:\/\/elinformante.mx\/index.php?rest_route=%2Fwp%2Fv2%2Fcomments&post=70366"}],"version-history":[{"count":0,"href":"https:\/\/elinformante.mx\/index.php?rest_route=\/wp\/v2\/posts\/70366\/revisions"}],"wp:featuredmedia":[{"embeddable":true,"href":"https:\/\/elinformante.mx\/index.php?rest_route=\/wp\/v2\/media\/70367"}],"wp:attachment":[{"href":"https:\/\/elinformante.mx\/index.php?rest_route=%2Fwp%2Fv2%2Fmedia&parent=70366"}],"wp:term":[{"taxonomy":"category","embeddable":true,"href":"https:\/\/elinformante.mx\/index.php?rest_route=%2Fwp%2Fv2%2Fcategories&post=70366"},{"taxonomy":"post_tag","embeddable":true,"href":"https:\/\/elinformante.mx\/index.php?rest_route=%2Fwp%2Fv2%2Ftags&post=70366"}],"curies":[{"name":"wp","href":"https:\/\/api.w.org\/{rel}","templated":true}]}}