{"id":70369,"date":"2024-12-03T05:14:56","date_gmt":"2024-12-03T11:14:56","guid":{"rendered":"https:\/\/elinformante.mx\/?p=70369"},"modified":"2024-12-03T05:15:02","modified_gmt":"2024-12-03T11:15:02","slug":"fue-condenado-a-17-anos-de-prision-por-robar-mercancia-en-chimalhuacan","status":"publish","type":"post","link":"https:\/\/elinformante.mx\/?p=70369","title":{"rendered":"Fue condenado a 17 a\u00f1os de prisi\u00f3n por robar mercanc\u00eda en Chimalhuac\u00e1n"},"content":{"rendered":"\n<figure class=\"wp-block-pullquote\"><blockquote><p>El ahora sentenciado amag\u00f3 con un objeto punzocortante a un chofer de la empresa de paqueter\u00eda FedEx, a quien despoj\u00f3 de diversos paquetes.<\/p><\/blockquote><\/figure>\n\n\n\n<p class=\"has-drop-cap\">La FGJEM acredit\u00f3 la intervenci\u00f3n de Carlos Alan Cano Le\u00f3n, en el delito de robo con violencia de mercanc\u00eda en agravio de una empresa de paqueter\u00eda, il\u00edcito por el cual fue sentenciado a 17 a\u00f1os y 6 meses de prisi\u00f3n.<br><\/p>\n\n\n\n<p>Tras revisar las pruebas recabadas, aportadas y expuestas por el Ministerio P\u00fablico, emiti\u00f3 esta sentencia de condena contra el acusado, adem\u00e1s deber\u00e1 pagar multa, en tanto que sus derechos civiles y pol\u00edticos quedaron suspendidos.<br><\/p>\n\n\n\n<p>El 20 de julio del a\u00f1o 2021, la v\u00edctima, un chofer repartidor de la empresa FedEx se encontraba estacionando un veh\u00edculo marca Dodge, en la calle Solidaridad, colonia Nueva Santa Cruz, en el municipio de Chimalhuac\u00e1n, momento en que fue interceptado por el ahora sentenciado, quien lo amag\u00f3 con un objeto punzocortante.<br><\/p>\n\n\n\n<p>Carlos Alan Cano Le\u00f3n despoj\u00f3 a la v\u00edctima de diversos paquetes que esta entregar\u00eda en la zona. Tras intentar escapar, el sujeto fue detenido por elementos de la SSEM, en calles de la colonia Plateros.<br><\/p>\n\n\n\n<p>Este sujeto fue presentado ante el Agente del Ministerio P\u00fablico y luego ingresado al Centro Penitenciario y de Reinserci\u00f3n Social de Nezahualc\u00f3yotl, a disposici\u00f3n de la Autoridad Judicial, quien tras proceso legal, le dict\u00f3 esta sentencia de condena.<\/p>\n","protected":false},"excerpt":{"rendered":"<p>El ahora sentenciado amag\u00f3 con un objeto punzocortante a un chofer de la empresa de paqueter\u00eda FedEx, a quien despoj\u00f3 de diversos paquetes. La FGJEM acredit\u00f3 la intervenci\u00f3n de Carlos Alan Cano Le\u00f3n, en el delito de robo con violencia de mercanc\u00eda en agravio de una empresa de paqueter\u00eda, il\u00edcito por el cual fue sentenciado [&hellip;]<\/p>\n","protected":false},"author":1,"featured_media":70370,"comment_status":"closed","ping_status":"closed","sticky":false,"template":"","format":"standard","meta":{"footnotes":""},"categories":[36,37],"tags":[],"class_list":["post-70369","post","type-post","status-publish","format-standard","has-post-thumbnail","hentry","category-edomex","category-justicia"],"_links":{"self":[{"href":"https:\/\/elinformante.mx\/index.php?rest_route=\/wp\/v2\/posts\/70369","targetHints":{"allow":["GET"]}}],"collection":[{"href":"https:\/\/elinformante.mx\/index.php?rest_route=\/wp\/v2\/posts"}],"about":[{"href":"https:\/\/elinformante.mx\/index.php?rest_route=\/wp\/v2\/types\/post"}],"author":[{"embeddable":true,"href":"https:\/\/elinformante.mx\/index.php?rest_route=\/wp\/v2\/users\/1"}],"replies":[{"embeddable":true,"href":"https:\/\/elinformante.mx\/index.php?rest_route=%2Fwp%2Fv2%2Fcomments&post=70369"}],"version-history":[{"count":0,"href":"https:\/\/elinformante.mx\/index.php?rest_route=\/wp\/v2\/posts\/70369\/revisions"}],"wp:featuredmedia":[{"embeddable":true,"href":"https:\/\/elinformante.mx\/index.php?rest_route=\/wp\/v2\/media\/70370"}],"wp:attachment":[{"href":"https:\/\/elinformante.mx\/index.php?rest_route=%2Fwp%2Fv2%2Fmedia&parent=70369"}],"wp:term":[{"taxonomy":"category","embeddable":true,"href":"https:\/\/elinformante.mx\/index.php?rest_route=%2Fwp%2Fv2%2Fcategories&post=70369"},{"taxonomy":"post_tag","embeddable":true,"href":"https:\/\/elinformante.mx\/index.php?rest_route=%2Fwp%2Fv2%2Ftags&post=70369"}],"curies":[{"name":"wp","href":"https:\/\/api.w.org\/{rel}","templated":true}]}}