{"id":70372,"date":"2024-12-03T05:26:37","date_gmt":"2024-12-03T11:26:37","guid":{"rendered":"https:\/\/elinformante.mx\/?p=70372"},"modified":"2024-12-03T05:26:39","modified_gmt":"2024-12-03T11:26:39","slug":"impulsa-ssem-capacitacion-a-servidores-publicos-del-trijaem","status":"publish","type":"post","link":"https:\/\/elinformante.mx\/?p=70372","title":{"rendered":"Impulsa SSEM capacitaci\u00f3n a servidores p\u00fablicos del TRIJAEM"},"content":{"rendered":"\n<figure class=\"wp-block-pullquote\"><blockquote><p>El titular de la SSEM, Crist\u00f3bal Casta\u00f1eda Camarillo, reconoci\u00f3 la importancia y la responsabilidad que esto conlleva.<\/p><\/blockquote><\/figure>\n\n\n\n<p class=\"has-drop-cap\">La conferencia estuvo a cargo Presidente del TRIJAEM, Gerardo Becker Ania, quien destac\u00f3 la importancia de aplicar la inteligencia emocional y la conciliaci\u00f3n en el servicio p\u00fablico.<br><\/p>\n\n\n\n<p>El trabajo coordinado entre la Secretar\u00eda de Seguridad del Estado de M\u00e9xico (SSEM) y el Tribunal de Justicia Administrativa de la entidad (TRIJAEM) busca dotar de mejores herramientas administrativas a las personas servidoras p\u00fablicas, por lo que se impuls\u00f3 una capacitaci\u00f3n en materia de reconciliaci\u00f3n al personal de la dependencia.<br><\/p>\n\n\n\n<p>En este sentido, el Presidente del Tribunal de Justicia Administrativa (TRIJAEM), Magistrado Gerardo Becker Ania, imparti\u00f3 la conferencia \u201cConciliaci\u00f3n bajo el modelo de la Organizaci\u00f3n Internacional del Trabajo (OIT), estrategias para la aplicaci\u00f3n e inteligencia emocional en el servicio p\u00fablico\u201d.<br><\/p>\n\n\n\n<p>En su oportunidad, el Secretario de Seguridad de la entidad, Crist\u00f3bal Casta\u00f1eda Camarillo, resalt\u00f3 que este tipo de pl\u00e1ticas brinda herramientas al personal para desempe\u00f1ar mejor su trabajo y a\u00f1adi\u00f3.<br><\/p>\n\n\n\n<p>\u201cSer servidor p\u00fablico es una responsabilidad bastante importante, al final del camino, la funci\u00f3n sustantiva que tiene la Secretar\u00eda de Seguridad p\u00fablica, es brindar seguridad y esa actividad no solamente la hacen los elementos operativos que se encuentran en la calle, sino tambi\u00e9n es el c\u00famulo de esfuerzos de los que se encuentran en la oficina, en las diferentes \u00e1reas\u201d.<br><\/p>\n\n\n\n<figure class=\"wp-block-image size-large\"><img fetchpriority=\"high\" decoding=\"async\" width=\"1024\" height=\"503\" src=\"https:\/\/elinformante.mx\/wp-content\/uploads\/2024\/12\/13impulsa-1024x503.jpg\" alt=\"\" class=\"wp-image-70374\" srcset=\"https:\/\/elinformante.mx\/wp-content\/uploads\/2024\/12\/13impulsa-1024x503.jpg 1024w, https:\/\/elinformante.mx\/wp-content\/uploads\/2024\/12\/13impulsa-300x147.jpg 300w, https:\/\/elinformante.mx\/wp-content\/uploads\/2024\/12\/13impulsa-768x377.jpg 768w, https:\/\/elinformante.mx\/wp-content\/uploads\/2024\/12\/13impulsa.jpg 1140w\" sizes=\"(max-width: 1024px) 100vw, 1024px\" \/><\/figure>\n\n\n\n<p>Durante su participaci\u00f3n, el Presidente del TRIJAEM Gerardo Becker Ania explic\u00f3 sobre la Norma Oficial Mexicana 035, la cual refiere sobre los factores de riesgo psicosocial en el trabajo, la identificaci\u00f3n, an\u00e1lisis y prevenci\u00f3n, de tal forma que invit\u00f3 a las y los asistentes a ponerla en pr\u00e1ctica.<br><\/p>\n\n\n\n<p>Asimismo, destac\u00f3 la importancia de establecer condiciones y elementos para promover un entorno organizacional favorable, en todos los \u00e1mbitos del servicio p\u00fablico, lo cual resultar\u00e1 favorable en la resoluci\u00f3n de conflictos e intereses.<br><\/p>\n\n\n\n<p>Reiter\u00f3 que el servicio p\u00fablico necesita a personas equilibradas, con una buena salud mental, ya que, el manejo de emociones, la meditaci\u00f3n y conciliaci\u00f3n son clave para el buen desempe\u00f1o de las labores.<br><\/p>\n\n\n\n<p>Adem\u00e1s, sostuvo que contar con herramientas en materia de conciliaci\u00f3n, generan confianza a la ciudadan\u00eda como personas servidoras p\u00fablicas y aunado a ello, ser innovadores, permitir\u00e1 obtener resultados satisfactorios tanto en la vida p\u00fablica como en lo personal, donde podr\u00eda incluirse a una tercera persona, como auxiliar en la soluci\u00f3n de conflictos.<br><\/p>\n\n\n\n<p>\u201cDebemos mejorar como seres humanos y como servidores p\u00fablicos. Lo que debemos lograr nosotros es ser agentes de cambio, debemos ser agentes de cambio para nuestro estado, para nuestro pa\u00eds, para nuestro lugar de trabajo, para la ciudadan\u00eda que exige los resultados, \u00bfC\u00f3mo vamos a hacerlo?, hay que continuar en la profesionalizaci\u00f3n y hay que continuar, principalmente, en el desarrollo humano de ustedes\u201d.<\/p>\n","protected":false},"excerpt":{"rendered":"<p>El titular de la SSEM, Crist\u00f3bal Casta\u00f1eda Camarillo, reconoci\u00f3 la importancia y la responsabilidad que esto conlleva. La conferencia estuvo a cargo Presidente del TRIJAEM, Gerardo Becker Ania, quien destac\u00f3 la importancia de aplicar la inteligencia emocional y la conciliaci\u00f3n en el servicio p\u00fablico. El trabajo coordinado entre la Secretar\u00eda de Seguridad del Estado de [&hellip;]<\/p>\n","protected":false},"author":1,"featured_media":70373,"comment_status":"closed","ping_status":"closed","sticky":false,"template":"","format":"standard","meta":{"footnotes":""},"categories":[30,36,37],"tags":[],"class_list":["post-70372","post","type-post","status-publish","format-standard","has-post-thumbnail","hentry","category-destacado","category-edomex","category-justicia"],"_links":{"self":[{"href":"https:\/\/elinformante.mx\/index.php?rest_route=\/wp\/v2\/posts\/70372","targetHints":{"allow":["GET"]}}],"collection":[{"href":"https:\/\/elinformante.mx\/index.php?rest_route=\/wp\/v2\/posts"}],"about":[{"href":"https:\/\/elinformante.mx\/index.php?rest_route=\/wp\/v2\/types\/post"}],"author":[{"embeddable":true,"href":"https:\/\/elinformante.mx\/index.php?rest_route=\/wp\/v2\/users\/1"}],"replies":[{"embeddable":true,"href":"https:\/\/elinformante.mx\/index.php?rest_route=%2Fwp%2Fv2%2Fcomments&post=70372"}],"version-history":[{"count":0,"href":"https:\/\/elinformante.mx\/index.php?rest_route=\/wp\/v2\/posts\/70372\/revisions"}],"wp:featuredmedia":[{"embeddable":true,"href":"https:\/\/elinformante.mx\/index.php?rest_route=\/wp\/v2\/media\/70373"}],"wp:attachment":[{"href":"https:\/\/elinformante.mx\/index.php?rest_route=%2Fwp%2Fv2%2Fmedia&parent=70372"}],"wp:term":[{"taxonomy":"category","embeddable":true,"href":"https:\/\/elinformante.mx\/index.php?rest_route=%2Fwp%2Fv2%2Fcategories&post=70372"},{"taxonomy":"post_tag","embeddable":true,"href":"https:\/\/elinformante.mx\/index.php?rest_route=%2Fwp%2Fv2%2Ftags&post=70372"}],"curies":[{"name":"wp","href":"https:\/\/api.w.org\/{rel}","templated":true}]}}