{"id":70376,"date":"2024-12-03T05:28:10","date_gmt":"2024-12-03T11:28:10","guid":{"rendered":"https:\/\/elinformante.mx\/?p=70376"},"modified":"2024-12-03T05:28:11","modified_gmt":"2024-12-03T11:28:11","slug":"congreso-mexiquense-inicia-analisis-de-la-reforma-judicial-en-edomex","status":"publish","type":"post","link":"https:\/\/elinformante.mx\/?p=70376","title":{"rendered":"Congreso Mexiquense inicia an\u00e1lisis de la Reforma Judicial en Edom\u00e9x"},"content":{"rendered":"\n<figure class=\"wp-block-pullquote\"><blockquote><p>Participan titulares de la Consejer\u00eda Jur\u00eddica del gobierno mexiquense, Poder Judicial y del Instituto Electoral estatal.<\/p><\/blockquote><\/figure>\n\n\n\n<p class=\"has-drop-cap\">La LXII Legislatura mexiquense inici\u00f3 con el an\u00e1lisis de la iniciativa de reforma judicial estatal, planteada por las bancadas de morena, PVEM y PT, la cual permitir\u00e1 a la ciudadan\u00eda elegir a quien aplicar\u00e1 la ley y resolver conflictos constitucionales, garantizando que las y los jueces interpreten la ley con valores y principios.<br><\/p>\n\n\n\n<p>En reuni\u00f3n de las comisiones de Gobernaci\u00f3n y Puntos Constitucionales, y de Procuraci\u00f3n y Administraci\u00f3n de Justicia del Congreso local, el diputado Jos\u00e9 Francisco V\u00e1zquez Rodr\u00edguez, presidente de la Junta de Coordinaci\u00f3n Pol\u00edtica (Jucopo), afirm\u00f3 que lo bien realizado en pol\u00edtica genera buenos resultados para la gente, por ello se debe hacer lo m\u00e1s conveniente para la poblaci\u00f3n, independientemente de los gustos particulares.<br><\/p>\n\n\n\n<p>En la reuni\u00f3n estuvieron presentes, Jes\u00fas George Zamora y Ricardo Sodi Cuellar titulares de la Consejer\u00eda Jur\u00eddica del gobierno estatal, y del Poder Judicial, respectivamente, y de Amalia Pulido G\u00f3mez, consejera presidenta del Instituto Electoral del Estado de M\u00e9xico (IEEM).<br><\/p>\n\n\n\n<p>Al presidir la reuni\u00f3n, Carlos Antonio Mart\u00ednez Zurita Trejo (morena) destac\u00f3 la reforma constitucional porque ordena la elecci\u00f3n por voto popular de personas juzgadoras, lo cual permitir\u00e1 a la gente participar en la construcci\u00f3n de un poder judicial m\u00e1s leg\u00edtimo, transparente y cercano a la gente.<br><\/p>\n\n\n\n<p>Valor\u00f3 la participaci\u00f3n del IEEM en el proceso, con mecanismos claros y transparentes, para la postulaci\u00f3n y evaluaci\u00f3n de candidaturas.<br><\/p>\n\n\n\n<p>En su participaci\u00f3n, Jes\u00fas George adelant\u00f3 que se elegir\u00e1n cerca de 145 personas magistradas, jueces y juezas; resalt\u00f3 el cumplimiento del mandato constitucional y considerar la creaci\u00f3n de un tribunal de disciplina judicial y un \u00f3rgano de administraci\u00f3n judicial. As\u00ed como por establecer las bases de la elecci\u00f3n y garantizar la funcionalidad de la instituci\u00f3n.<br><\/p>\n\n\n\n<p>El magistrado Ricardo Sodi valor\u00f3 la iniciativa por ser adecuada y realista, adem\u00e1s de proponerse en un contexto de colaboraci\u00f3n positiva entre los poderes. Ofreci\u00f3 asistencia proactiva para sustanciarla y pidi\u00f3 no generar complicaciones.<br><\/p>\n\n\n\n<p>La consejera presidenta, Amalia Pulido, afirm\u00f3 que el IEEM est\u00e1 listo para la elecci\u00f3n en 2025, pero solicit\u00f3 incluir en este proceso a los principios aplicados en otras elecciones.<\/p>\n","protected":false},"excerpt":{"rendered":"<p>Participan titulares de la Consejer\u00eda Jur\u00eddica del gobierno mexiquense, Poder Judicial y del Instituto Electoral estatal. La LXII Legislatura mexiquense inici\u00f3 con el an\u00e1lisis de la iniciativa de reforma judicial estatal, planteada por las bancadas de morena, PVEM y PT, la cual permitir\u00e1 a la ciudadan\u00eda elegir a quien aplicar\u00e1 la ley y resolver conflictos [&hellip;]<\/p>\n","protected":false},"author":1,"featured_media":70377,"comment_status":"closed","ping_status":"closed","sticky":false,"template":"","format":"standard","meta":{"footnotes":""},"categories":[36],"tags":[],"class_list":["post-70376","post","type-post","status-publish","format-standard","has-post-thumbnail","hentry","category-edomex"],"_links":{"self":[{"href":"https:\/\/elinformante.mx\/index.php?rest_route=\/wp\/v2\/posts\/70376","targetHints":{"allow":["GET"]}}],"collection":[{"href":"https:\/\/elinformante.mx\/index.php?rest_route=\/wp\/v2\/posts"}],"about":[{"href":"https:\/\/elinformante.mx\/index.php?rest_route=\/wp\/v2\/types\/post"}],"author":[{"embeddable":true,"href":"https:\/\/elinformante.mx\/index.php?rest_route=\/wp\/v2\/users\/1"}],"replies":[{"embeddable":true,"href":"https:\/\/elinformante.mx\/index.php?rest_route=%2Fwp%2Fv2%2Fcomments&post=70376"}],"version-history":[{"count":0,"href":"https:\/\/elinformante.mx\/index.php?rest_route=\/wp\/v2\/posts\/70376\/revisions"}],"wp:featuredmedia":[{"embeddable":true,"href":"https:\/\/elinformante.mx\/index.php?rest_route=\/wp\/v2\/media\/70377"}],"wp:attachment":[{"href":"https:\/\/elinformante.mx\/index.php?rest_route=%2Fwp%2Fv2%2Fmedia&parent=70376"}],"wp:term":[{"taxonomy":"category","embeddable":true,"href":"https:\/\/elinformante.mx\/index.php?rest_route=%2Fwp%2Fv2%2Fcategories&post=70376"},{"taxonomy":"post_tag","embeddable":true,"href":"https:\/\/elinformante.mx\/index.php?rest_route=%2Fwp%2Fv2%2Ftags&post=70376"}],"curies":[{"name":"wp","href":"https:\/\/api.w.org\/{rel}","templated":true}]}}