{"id":70379,"date":"2024-12-03T05:30:48","date_gmt":"2024-12-03T11:30:48","guid":{"rendered":"https:\/\/elinformante.mx\/?p=70379"},"modified":"2024-12-03T05:30:50","modified_gmt":"2024-12-03T11:30:50","slug":"ieem-pone-a-disposicion-su-experiencia-tecnica-para-la-reforma-judicial-en-edomex-amalia-pulido","status":"publish","type":"post","link":"https:\/\/elinformante.mx\/?p=70379","title":{"rendered":"IEEM pone a disposici\u00f3n su experiencia t\u00e9cnica para la Reforma Judicial en Edom\u00e9x: Amalia Pulido"},"content":{"rendered":"\n<figure class=\"wp-block-pullquote\"><blockquote><p>La Consejera Presidenta hizo un llamado a acelerar los procesos legislativos y brindar certeza a la ciudadan\u00eda.<\/p><\/blockquote><\/figure>\n\n\n\n<p class=\"has-drop-cap\">Al asistir a la Reuni\u00f3n de Comisiones Unidas de Gobernaci\u00f3n y Puntos Constitucionales y de Procuraci\u00f3n y Administraci\u00f3n de Justicia del Poder Legislativo, la Consejera Presidenta del Instituto Electoral del Estado de M\u00e9xico (IEEM), Amalia Pulido G\u00f3mez, afirm\u00f3 que pone a disposici\u00f3n toda la experiencia t\u00e9cnica del organismo electoral para avanzar en la modificaci\u00f3n de las normas que permitan la implementaci\u00f3n de la Reforma Judicial en la entidad.<br><\/p>\n\n\n\n<p>Ante las y los diputados integrantes de ambas comisiones, hizo un respetuoso llamado a acelerar los procesos legislativos correspondientes, de manera que sea posible lograr una mejor planeaci\u00f3n en las etapas de organizaci\u00f3n de la elecci\u00f3n, as\u00ed como los ajustes en el marco jur\u00eddico que requieran efectuarse, para que ello brinde certeza a la ciudadan\u00eda al momento de participar en el proceso electoral.<br><\/p>\n\n\n\n<p>Acompa\u00f1ada del Secretario Ejecutivo del IEEM, Francisco Javier L\u00f3pez Corral, Pulido G\u00f3mez, reconoci\u00f3 la complejidad del reto en el que resulta importante dotar a la ciudadan\u00eda de certeza sobre el proceso, con reglas claras, que son esenciales para la democracia.<br><\/p>\n\n\n\n<p>Reiter\u00f3 que el organismo electoral mexiquense est\u00e1 preparado para el desaf\u00edo de organizar la elecci\u00f3n extraordinaria del Poder Judicial en la entidad, pues no es la primera vez que asume un reto de gran envergadura.<br><\/p>\n\n\n\n<p>La Consejera Presidenta reconoci\u00f3 la invitaci\u00f3n del Poder Legislativo para asistir a la mesa, a la que tambi\u00e9n acudieron el Presidente del Tribunal Superior de Justicia del Estado de M\u00e9xico, Ricardo Sodi Cuellar, y el Consejero Jur\u00eddico del Poder Ejecutivo, Jes\u00fas George Zamora, pues ello habla de coordinaci\u00f3n y disposici\u00f3n a colaborar, por lo que asegur\u00f3 que siempre habr\u00e1 un canal de comunicaci\u00f3n abierto con el IEEM.<br><\/p>\n\n\n\n<p>Finalmente, Pulido G\u00f3mez hizo un llamado a las y los legisladores para que la ciudadan\u00eda cuente con un marco normativo que ponga en el centro su derecho a la informaci\u00f3n para ejercer su voto, y conozcan de la forma m\u00e1s eficaz los perfiles y propuestas de las candidaturas.<br><\/p>\n\n\n\n<p>Se prev\u00e9 que, como parte de la Elecci\u00f3n Extraordinaria del Poder Judicial del Estado de M\u00e9xico, se elijan de 31 magistraturas; adem\u00e1s de 115 plazas juezas y jueces, aproximadamente.<\/p>\n","protected":false},"excerpt":{"rendered":"<p>La Consejera Presidenta hizo un llamado a acelerar los procesos legislativos y brindar certeza a la ciudadan\u00eda. Al asistir a la Reuni\u00f3n de Comisiones Unidas de Gobernaci\u00f3n y Puntos Constitucionales y de Procuraci\u00f3n y Administraci\u00f3n de Justicia del Poder Legislativo, la Consejera Presidenta del Instituto Electoral del Estado de M\u00e9xico (IEEM), Amalia Pulido G\u00f3mez, afirm\u00f3 [&hellip;]<\/p>\n","protected":false},"author":1,"featured_media":70380,"comment_status":"closed","ping_status":"closed","sticky":false,"template":"","format":"standard","meta":{"footnotes":""},"categories":[30,36],"tags":[],"class_list":["post-70379","post","type-post","status-publish","format-standard","has-post-thumbnail","hentry","category-destacado","category-edomex"],"_links":{"self":[{"href":"https:\/\/elinformante.mx\/index.php?rest_route=\/wp\/v2\/posts\/70379","targetHints":{"allow":["GET"]}}],"collection":[{"href":"https:\/\/elinformante.mx\/index.php?rest_route=\/wp\/v2\/posts"}],"about":[{"href":"https:\/\/elinformante.mx\/index.php?rest_route=\/wp\/v2\/types\/post"}],"author":[{"embeddable":true,"href":"https:\/\/elinformante.mx\/index.php?rest_route=\/wp\/v2\/users\/1"}],"replies":[{"embeddable":true,"href":"https:\/\/elinformante.mx\/index.php?rest_route=%2Fwp%2Fv2%2Fcomments&post=70379"}],"version-history":[{"count":0,"href":"https:\/\/elinformante.mx\/index.php?rest_route=\/wp\/v2\/posts\/70379\/revisions"}],"wp:featuredmedia":[{"embeddable":true,"href":"https:\/\/elinformante.mx\/index.php?rest_route=\/wp\/v2\/media\/70380"}],"wp:attachment":[{"href":"https:\/\/elinformante.mx\/index.php?rest_route=%2Fwp%2Fv2%2Fmedia&parent=70379"}],"wp:term":[{"taxonomy":"category","embeddable":true,"href":"https:\/\/elinformante.mx\/index.php?rest_route=%2Fwp%2Fv2%2Fcategories&post=70379"},{"taxonomy":"post_tag","embeddable":true,"href":"https:\/\/elinformante.mx\/index.php?rest_route=%2Fwp%2Fv2%2Ftags&post=70379"}],"curies":[{"name":"wp","href":"https:\/\/api.w.org\/{rel}","templated":true}]}}