{"id":70382,"date":"2024-12-03T05:32:31","date_gmt":"2024-12-03T11:32:31","guid":{"rendered":"https:\/\/elinformante.mx\/?p=70382"},"modified":"2024-12-03T05:32:32","modified_gmt":"2024-12-03T11:32:32","slug":"inauguran-en-zinacantepec-el-corredor-gastronomico","status":"publish","type":"post","link":"https:\/\/elinformante.mx\/?p=70382","title":{"rendered":"Inauguran en Zinacantepec el Corredor Gastron\u00f3mico"},"content":{"rendered":"\n<figure class=\"wp-block-pullquote\"><blockquote><p>Reafirm\u00f3 que seguir\u00e1 trabajando en hacer de Zinacantepec un lugar donde tradici\u00f3n y progreso caminen de la mano.<\/p><\/blockquote><\/figure>\n\n\n\n<p class=\"has-drop-cap\">Continuando con su trabajo a favor de los pobladores, el presidente municipal de Zinacantepec, Manuel Vilchis Viveros, inaugur\u00f3 el Corredor Gastron\u00f3mico en la calle Ju\u00e1rez, en compa\u00f1\u00eda de vecinos y comerciantes del \u00e1rea.<br><\/p>\n\n\n\n<p>Las acciones se encuentran enfocadas en mejorar e impulsar la econom\u00eda en la regi\u00f3n, buscando apoyar a todos a crecer y expandirse. En el coraz\u00f3n de este corredor se encuentra la ic\u00f3nica r\u00e9plica del Tren \u201cEl Periquito\u201d, s\u00edmbolo de la historia y un recordatorio de las ra\u00edces que nos unen como comunidad.<br><\/p>\n\n\n\n<figure class=\"wp-block-image size-large\"><img fetchpriority=\"high\" decoding=\"async\" width=\"1024\" height=\"503\" src=\"https:\/\/elinformante.mx\/wp-content\/uploads\/2024\/12\/11zina-3-1024x503.jpg\" alt=\"\" class=\"wp-image-70384\" srcset=\"https:\/\/elinformante.mx\/wp-content\/uploads\/2024\/12\/11zina-3-1024x503.jpg 1024w, https:\/\/elinformante.mx\/wp-content\/uploads\/2024\/12\/11zina-3-300x147.jpg 300w, https:\/\/elinformante.mx\/wp-content\/uploads\/2024\/12\/11zina-3-768x377.jpg 768w, https:\/\/elinformante.mx\/wp-content\/uploads\/2024\/12\/11zina-3.jpg 1140w\" sizes=\"(max-width: 1024px) 100vw, 1024px\" \/><\/figure>\n\n\n\n<p>Vilchis Viveros afirm\u00f3 que esta obra no solo embellece el municipio, adem\u00e1s fomenta la convivencia e impulsa a nuestros emprendedores locales, convirti\u00e9ndose en un punto de encuentro para el turismo.<br><\/p>\n\n\n\n<p>Reafirm\u00f3 que seguir\u00e1 trabajando en hacer de Zinacantepec un lugar donde tradici\u00f3n y progreso caminen de la mano.<\/p>\n\n\n\n<figure class=\"wp-block-image size-large\"><img decoding=\"async\" width=\"1024\" height=\"503\" src=\"https:\/\/elinformante.mx\/wp-content\/uploads\/2024\/12\/11zina-1024x503.jpg\" alt=\"\" class=\"wp-image-70385\" srcset=\"https:\/\/elinformante.mx\/wp-content\/uploads\/2024\/12\/11zina-1024x503.jpg 1024w, https:\/\/elinformante.mx\/wp-content\/uploads\/2024\/12\/11zina-300x147.jpg 300w, https:\/\/elinformante.mx\/wp-content\/uploads\/2024\/12\/11zina-768x377.jpg 768w, https:\/\/elinformante.mx\/wp-content\/uploads\/2024\/12\/11zina.jpg 1140w\" sizes=\"(max-width: 1024px) 100vw, 1024px\" \/><\/figure>\n","protected":false},"excerpt":{"rendered":"<p>Reafirm\u00f3 que seguir\u00e1 trabajando en hacer de Zinacantepec un lugar donde tradici\u00f3n y progreso caminen de la mano. Continuando con su trabajo a favor de los pobladores, el presidente municipal de Zinacantepec, Manuel Vilchis Viveros, inaugur\u00f3 el Corredor Gastron\u00f3mico en la calle Ju\u00e1rez, en compa\u00f1\u00eda de vecinos y comerciantes del \u00e1rea. Las acciones se encuentran [&hellip;]<\/p>\n","protected":false},"author":1,"featured_media":70383,"comment_status":"closed","ping_status":"closed","sticky":false,"template":"","format":"standard","meta":{"footnotes":""},"categories":[36],"tags":[],"class_list":["post-70382","post","type-post","status-publish","format-standard","has-post-thumbnail","hentry","category-edomex"],"_links":{"self":[{"href":"https:\/\/elinformante.mx\/index.php?rest_route=\/wp\/v2\/posts\/70382","targetHints":{"allow":["GET"]}}],"collection":[{"href":"https:\/\/elinformante.mx\/index.php?rest_route=\/wp\/v2\/posts"}],"about":[{"href":"https:\/\/elinformante.mx\/index.php?rest_route=\/wp\/v2\/types\/post"}],"author":[{"embeddable":true,"href":"https:\/\/elinformante.mx\/index.php?rest_route=\/wp\/v2\/users\/1"}],"replies":[{"embeddable":true,"href":"https:\/\/elinformante.mx\/index.php?rest_route=%2Fwp%2Fv2%2Fcomments&post=70382"}],"version-history":[{"count":0,"href":"https:\/\/elinformante.mx\/index.php?rest_route=\/wp\/v2\/posts\/70382\/revisions"}],"wp:featuredmedia":[{"embeddable":true,"href":"https:\/\/elinformante.mx\/index.php?rest_route=\/wp\/v2\/media\/70383"}],"wp:attachment":[{"href":"https:\/\/elinformante.mx\/index.php?rest_route=%2Fwp%2Fv2%2Fmedia&parent=70382"}],"wp:term":[{"taxonomy":"category","embeddable":true,"href":"https:\/\/elinformante.mx\/index.php?rest_route=%2Fwp%2Fv2%2Fcategories&post=70382"},{"taxonomy":"post_tag","embeddable":true,"href":"https:\/\/elinformante.mx\/index.php?rest_route=%2Fwp%2Fv2%2Ftags&post=70382"}],"curies":[{"name":"wp","href":"https:\/\/api.w.org\/{rel}","templated":true}]}}