{"id":70387,"date":"2024-12-03T05:42:43","date_gmt":"2024-12-03T11:42:43","guid":{"rendered":"https:\/\/elinformante.mx\/?p=70387"},"modified":"2024-12-03T05:42:46","modified_gmt":"2024-12-03T11:42:46","slug":"presenta-ana-muniz-neyra-tercer-informe-en-san-mateo-atenco","status":"publish","type":"post","link":"https:\/\/elinformante.mx\/?p=70387","title":{"rendered":"Presenta Ana Mu\u00f1iz Neyra Tercer Informe en San Mateo Atenco"},"content":{"rendered":"\n<figure class=\"wp-block-pullquote\"><blockquote><p>Adem\u00e1s asumi\u00f3 la presidencia por tres a\u00f1os m\u00e1s, abarcando el periodo 2025-2027.<\/p><\/blockquote><\/figure>\n\n\n\n<p class=\"has-drop-cap\">En una solemne sesi\u00f3n de Cabildo, Ana Aurora Mu\u00f1iz Neyra present\u00f3 su Tercer informe de gobierno y rindi\u00f3 protesta como presidenta municipal constitucional de San Mateo Atenco para el periodo 2025-2027. El acto, que reuni\u00f3 a vecinos, l\u00edderes sociales y autoridades estatales, destac\u00f3 por el respaldo institucional y social hacia su gesti\u00f3n. Durante su informe, Mu\u00f1iz Neyra expuso los principales avances logrados a lo largo de su administraci\u00f3n, reiterando su compromiso con el desarrollo de San Mateo Atenco. Agradeci\u00f3 a los ciudadanos por la confianza en su liderazgo y subray\u00f3 la importancia de continuar trabajando con determinaci\u00f3n para consolidar los proyectos iniciados.<br><\/p>\n\n\n\n<p>Durante la tercera sesi\u00f3n solemne de Cabildo, destac\u00f3 que 99.9 por ciento de los acuerdos entre los integrantes del Ayuntamiento fueron aprobados por unanimidad privilegiando el bienestar de los atenquenses.<br><\/p>\n\n\n\n<p>El secretario general de Gobierno, Horacio Duarte Olivares, reconoci\u00f3 el liderazgo de la presidenta municipal y calific\u00f3 como exitoso el cumplimiento de los objetivos planteados. Asimismo, reafirm\u00f3 el apoyo del Gobierno del Estado de M\u00e9xico para dar continuidad a los planes que beneficien a la poblaci\u00f3n.<br><\/p>\n\n\n\n<figure class=\"wp-block-image size-large\"><img fetchpriority=\"high\" decoding=\"async\" width=\"1024\" height=\"503\" src=\"https:\/\/elinformante.mx\/wp-content\/uploads\/2024\/12\/11san-mateo-2-1024x503.jpg\" alt=\"\" class=\"wp-image-70389\" srcset=\"https:\/\/elinformante.mx\/wp-content\/uploads\/2024\/12\/11san-mateo-2-1024x503.jpg 1024w, https:\/\/elinformante.mx\/wp-content\/uploads\/2024\/12\/11san-mateo-2-300x147.jpg 300w, https:\/\/elinformante.mx\/wp-content\/uploads\/2024\/12\/11san-mateo-2-768x377.jpg 768w, https:\/\/elinformante.mx\/wp-content\/uploads\/2024\/12\/11san-mateo-2.jpg 1140w\" sizes=\"(max-width: 1024px) 100vw, 1024px\" \/><\/figure>\n\n\n\n<p>Al asumir el cargo para el periodo 2025-2027, Ana Mu\u00f1iz Neyra destac\u00f3 su compromiso de colaborar estrechamente con los gobiernos estatal y federal para fortalecer el bienestar de los atenquenses. Adem\u00e1s, hizo un llamado a los integrantes del Cabildo a trabajar bajo un marco de legalidad y respeto, priorizando siempre las necesidades de la comunidad.<br><\/p>\n\n\n\n<p>Horacio Duarte, en representaci\u00f3n de la gobernadora Delfina G\u00f3mez \u00c1lvarez, reiter\u00f3 el compromiso de las dependencias estatales con el municipio, asegurando que San Mateo Atenco contar\u00e1 con el respaldo necesario para consolidar proyectos estrat\u00e9gicos y mejorar la calidad de vida de sus habitantes.<br><\/p>\n\n\n\n<p>El evento cont\u00f3 con la presencia de destacadas figuras pol\u00edticas, como el diputado El\u00edas Rescala Jim\u00e9nez, vicepresidente de la Junta de Coordinaci\u00f3n Pol\u00edtica del Congreso local, y Crystel Yunuen Pozas Serrano, consejera de la Judicatura. Tambi\u00e9n asistieron representantes del sector empresarial, familias productoras de calzado y medios de comunicaci\u00f3n, quienes refrendaron su apoyo a la gesti\u00f3n municipal.<br><\/p>\n\n\n\n<p>Con este acto, Ana Mu\u00f1iz Neyra inicia una nueva etapa en la historia de San Mateo Atenco, comprometida con la consolidaci\u00f3n de un gobierno cercano y efectivo que contin\u00fae transformando el municipio en beneficio de todos sus habitantes.<\/p>\n","protected":false},"excerpt":{"rendered":"<p>Adem\u00e1s asumi\u00f3 la presidencia por tres a\u00f1os m\u00e1s, abarcando el periodo 2025-2027. En una solemne sesi\u00f3n de Cabildo, Ana Aurora Mu\u00f1iz Neyra present\u00f3 su Tercer informe de gobierno y rindi\u00f3 protesta como presidenta municipal constitucional de San Mateo Atenco para el periodo 2025-2027. El acto, que reuni\u00f3 a vecinos, l\u00edderes sociales y autoridades estatales, destac\u00f3 [&hellip;]<\/p>\n","protected":false},"author":1,"featured_media":70388,"comment_status":"closed","ping_status":"closed","sticky":false,"template":"","format":"standard","meta":{"footnotes":""},"categories":[30,36],"tags":[],"class_list":["post-70387","post","type-post","status-publish","format-standard","has-post-thumbnail","hentry","category-destacado","category-edomex"],"_links":{"self":[{"href":"https:\/\/elinformante.mx\/index.php?rest_route=\/wp\/v2\/posts\/70387","targetHints":{"allow":["GET"]}}],"collection":[{"href":"https:\/\/elinformante.mx\/index.php?rest_route=\/wp\/v2\/posts"}],"about":[{"href":"https:\/\/elinformante.mx\/index.php?rest_route=\/wp\/v2\/types\/post"}],"author":[{"embeddable":true,"href":"https:\/\/elinformante.mx\/index.php?rest_route=\/wp\/v2\/users\/1"}],"replies":[{"embeddable":true,"href":"https:\/\/elinformante.mx\/index.php?rest_route=%2Fwp%2Fv2%2Fcomments&post=70387"}],"version-history":[{"count":0,"href":"https:\/\/elinformante.mx\/index.php?rest_route=\/wp\/v2\/posts\/70387\/revisions"}],"wp:featuredmedia":[{"embeddable":true,"href":"https:\/\/elinformante.mx\/index.php?rest_route=\/wp\/v2\/media\/70388"}],"wp:attachment":[{"href":"https:\/\/elinformante.mx\/index.php?rest_route=%2Fwp%2Fv2%2Fmedia&parent=70387"}],"wp:term":[{"taxonomy":"category","embeddable":true,"href":"https:\/\/elinformante.mx\/index.php?rest_route=%2Fwp%2Fv2%2Fcategories&post=70387"},{"taxonomy":"post_tag","embeddable":true,"href":"https:\/\/elinformante.mx\/index.php?rest_route=%2Fwp%2Fv2%2Ftags&post=70387"}],"curies":[{"name":"wp","href":"https:\/\/api.w.org\/{rel}","templated":true}]}}