{"id":70399,"date":"2024-12-03T06:08:05","date_gmt":"2024-12-03T12:08:05","guid":{"rendered":"https:\/\/elinformante.mx\/?p=70399"},"modified":"2024-12-03T06:08:06","modified_gmt":"2024-12-03T12:08:06","slug":"voluntarios-caem-retiran-dos-toneladas-de-basura-en-jornada-de-limpieza-en-rio-el-arenal","status":"publish","type":"post","link":"https:\/\/elinformante.mx\/?p=70399","title":{"rendered":"\u201cVoluntarios CAEM\u201d retiran dos toneladas de basura en jornada de limpieza en r\u00edo \u201cEl Arenal\u201d"},"content":{"rendered":"\n<figure class=\"wp-block-pullquote\"><blockquote><p>Participan 100 personas del organismo, alumnos del Centro de Bachillerato Tecnol\u00f3gico #2 y vecinos de la localidad, donde trabajaron al menos en 600 metros lineales del cauce.<\/p><\/blockquote><\/figure>\n\n\n\n<p class=\"has-drop-cap\">Como parte de la estrategia para promover la cultura de participaci\u00f3n ciudadana y as\u00ed mejorar los entornos h\u00eddricos de la entidad, la Comisi\u00f3n del Agua del Estado de M\u00e9xico (CAEM) llev\u00f3 a cabo la jornada de limpieza de \u201cVoluntarios CAEM\u201d en el r\u00edo El Arenal, en San Bartolom\u00e9 Tlaltelulco, Metepec.<br><\/p>\n\n\n\n<p>En esta actividad participaron 100 personas del organismo operador OPDAPAS Metepec, alumnos del Centro de Bachillerato Tecnol\u00f3gico (CBTIS) #2, de Metepec y vecinos de la localidad de San Bartolom\u00e9 Talatelulco, quienes intervinieron una longitud de 600 metros en tres frentes de trabajos para retirar un total de dos toneladas de basura y 50 llantas que se encontraban en el cauce.<br><\/p>\n\n\n\n<figure class=\"wp-block-image size-large\"><img fetchpriority=\"high\" decoding=\"async\" width=\"1024\" height=\"503\" src=\"https:\/\/elinformante.mx\/wp-content\/uploads\/2024\/12\/7voluntarios-2-1024x503.jpg\" alt=\"\" class=\"wp-image-70401\" srcset=\"https:\/\/elinformante.mx\/wp-content\/uploads\/2024\/12\/7voluntarios-2-1024x503.jpg 1024w, https:\/\/elinformante.mx\/wp-content\/uploads\/2024\/12\/7voluntarios-2-300x147.jpg 300w, https:\/\/elinformante.mx\/wp-content\/uploads\/2024\/12\/7voluntarios-2-768x377.jpg 768w, https:\/\/elinformante.mx\/wp-content\/uploads\/2024\/12\/7voluntarios-2.jpg 1140w\" sizes=\"(max-width: 1024px) 100vw, 1024px\" \/><\/figure>\n\n\n\n<p>Estas jornadas se suman a la campa\u00f1a de \u201cLimpiemos nuestro Edom\u00e9x\u201d que encabeza la Gobernadora del Estado de M\u00e9xico, Delfina G\u00f3mez \u00c1lvarez en todo el territorio mexiquense y la cual busca fomentar el valor de la responsabilidad ciudadana para transformar la entidad en un territorio libre de basura y en este caso, que los r\u00edos, cauces, canales y arroyos no cuentes con contaminante para el recurso h\u00eddrico.<br><\/p>\n\n\n\n<p>La basura y maleza recolectadas se llevaron a un relleno sanitario oficial, para su clasificaci\u00f3n y separaci\u00f3n de acuerdo con sus componentes y condici\u00f3n para reciclaje, destrucci\u00f3n o debida disposici\u00f3n final.<br><\/p>\n\n\n\n<p>Con estas acciones, el Gobierno del Estado de M\u00e9xico sigue impulsando la concientizaci\u00f3n y cultura del cuidado del agua y el medio ambiente entre la poblaci\u00f3n, y as\u00ed contribuye en la recarga de los mantos acu\u00edferos.<\/p>\n","protected":false},"excerpt":{"rendered":"<p>Participan 100 personas del organismo, alumnos del Centro de Bachillerato Tecnol\u00f3gico #2 y vecinos de la localidad, donde trabajaron al menos en 600 metros lineales del cauce. Como parte de la estrategia para promover la cultura de participaci\u00f3n ciudadana y as\u00ed mejorar los entornos h\u00eddricos de la entidad, la Comisi\u00f3n del Agua del Estado de [&hellip;]<\/p>\n","protected":false},"author":1,"featured_media":70400,"comment_status":"closed","ping_status":"closed","sticky":false,"template":"","format":"standard","meta":{"footnotes":""},"categories":[36],"tags":[],"class_list":["post-70399","post","type-post","status-publish","format-standard","has-post-thumbnail","hentry","category-edomex"],"_links":{"self":[{"href":"https:\/\/elinformante.mx\/index.php?rest_route=\/wp\/v2\/posts\/70399","targetHints":{"allow":["GET"]}}],"collection":[{"href":"https:\/\/elinformante.mx\/index.php?rest_route=\/wp\/v2\/posts"}],"about":[{"href":"https:\/\/elinformante.mx\/index.php?rest_route=\/wp\/v2\/types\/post"}],"author":[{"embeddable":true,"href":"https:\/\/elinformante.mx\/index.php?rest_route=\/wp\/v2\/users\/1"}],"replies":[{"embeddable":true,"href":"https:\/\/elinformante.mx\/index.php?rest_route=%2Fwp%2Fv2%2Fcomments&post=70399"}],"version-history":[{"count":0,"href":"https:\/\/elinformante.mx\/index.php?rest_route=\/wp\/v2\/posts\/70399\/revisions"}],"wp:featuredmedia":[{"embeddable":true,"href":"https:\/\/elinformante.mx\/index.php?rest_route=\/wp\/v2\/media\/70400"}],"wp:attachment":[{"href":"https:\/\/elinformante.mx\/index.php?rest_route=%2Fwp%2Fv2%2Fmedia&parent=70399"}],"wp:term":[{"taxonomy":"category","embeddable":true,"href":"https:\/\/elinformante.mx\/index.php?rest_route=%2Fwp%2Fv2%2Fcategories&post=70399"},{"taxonomy":"post_tag","embeddable":true,"href":"https:\/\/elinformante.mx\/index.php?rest_route=%2Fwp%2Fv2%2Ftags&post=70399"}],"curies":[{"name":"wp","href":"https:\/\/api.w.org\/{rel}","templated":true}]}}