{"id":70403,"date":"2024-12-03T06:13:00","date_gmt":"2024-12-03T12:13:00","guid":{"rendered":"https:\/\/elinformante.mx\/?p=70403"},"modified":"2024-12-03T06:13:02","modified_gmt":"2024-12-03T12:13:02","slug":"arranca-el-operativo-invierno-2024-2025-migrante-mexiquense","status":"publish","type":"post","link":"https:\/\/elinformante.mx\/?p=70403","title":{"rendered":"Arranca el Operativo Invierno 2024-2025 \u201cMigrante Mexiquense\u201d"},"content":{"rendered":"\n<figure class=\"wp-block-pullquote\"><blockquote><p>Del 2 de diciembre de 2024 al 10 de enero de 2025 se ofrecer\u00e1 auxilio vial, orientaci\u00f3n tur\u00edstica, servicio m\u00e9dico, entre otros apoyos, a nuestros paisanos que retornan al Estado de M\u00e9xico.<\/p><\/blockquote><\/figure>\n\n\n\n<p class=\"has-drop-cap\">El Gobierno del Estado de M\u00e9xico encabezado por la Maestra Delfina G\u00f3mez \u00c1lvarez arranc\u00f3 el Operativo Invierno 2024-2025 \u201cMigrante Mexiquense\u201d para recibir a nuestros paisanos durante su visita y estancia en territorio estatal, para ello, habilit\u00f3 20 m\u00f3dulos de atenci\u00f3n y auxilio vial; orientaci\u00f3n en l\u00edneas telef\u00f3nicas y redes sociales; as\u00ed como la exenci\u00f3n del programa Hoy No Circula, durante los 40 d\u00edas de vigencia de este operativo.<br><\/p>\n\n\n\n<p>\u201cEn la Coordinaci\u00f3n de Asuntos Internacionales tenemos una instrucci\u00f3n muy clara de la Gobernadora, la Maestra Delfina G\u00f3mez \u00c1lvarez, de darle atenci\u00f3n puntual, precisa y atenta a todos nuestros connacionales, a todos nuestros hermanos mexiquenses que est\u00e1n de retorno en estas vacaciones de invierno\u201d, se\u00f1al\u00f3 Jos\u00e9 Pablo Montemayor Camacho, titular de la Coordinaci\u00f3n de Asuntos Internacionales (CAI).<br><\/p>\n\n\n\n<p>Para ello, se habilitaron 20 m\u00f3dulos de atenci\u00f3n y auxilio distribuidos de manera estrat\u00e9gica en los principales puntos carreteros del Estado de M\u00e9xico, garantizando la seguridad y tranquilidad de los migrantes mexiquenses procedentes de Estados Unidos y Canad\u00e1 que anualmente retornan a la entidad a pasar las vacaciones con sus familias.<br><\/p>\n\n\n\n<p>\u201cEl programa inicia el d\u00eda de hoy, 2 de diciembre y termina el 10 de enero; son estos 40 d\u00edas que estaremos trabajando arduamente para recibirlos como se merecen. Bienvenidos migrantes mexiquenses, si\u00e9ntanse en casa y estamos para cuidarlos, orientarlos y apoyarlos\u201d, apunt\u00f3 el funcionario.<br><\/p>\n\n\n\n<p>Los m\u00f3dulos de apoyo y auxilio operar\u00e1n las 24 horas del d\u00eda y se encuentran en los principales puntos de acceso carretero del Edom\u00e9x, como es la caseta de peaje de Tepotzotl\u00e1n, la de Atlacomulco y Tenango del Valle, as\u00ed como en Temascaltepec y la entrada a Toluca. Estos cinco m\u00f3dulos ser\u00e1n reforzados y ofrecer\u00e1n m\u00faltiples servicios.<br><\/p>\n\n\n\n<p>Otros 15 m\u00f3dulos estar\u00e1n ubicados en Tianguistenco, Acambay, Villa Victoria, Naucalpan, Huehuetoca, Ecatepec, Nezahualc\u00f3yotl, Valle de Bravo, Chimalhuac\u00e1n, Ixtapaluca, Chalco, Almoloya de Ju\u00e1rez, Zinacantepec, San Mart\u00edn de las Pir\u00e1mides y Villa del Carb\u00f3n, municipios con mayor afluencia de migrantes mexiquenses.<br><\/p>\n\n\n\n<p>El titular de la CAI inform\u00f3 que el a\u00f1o pasado se dieron 5 mil 800 atenciones, que comprenden informaci\u00f3n tur\u00edstica, rutas seguras, orientaci\u00f3n y asistencia vial, servicios de salud, entre otras.<br><\/p>\n\n\n\n<p>El Operativo Migrante Mexiquense est\u00e1 integrado por diversas instancias como la Secretar\u00eda de Seguridad del Estado de M\u00e9xico (SSEM), Fiscal\u00eda General de Justicia del Estado de M\u00e9xico (FGJEM), Secretar\u00eda de Salud estatal y Comisi\u00f3n de Derechos Humanos del Estado de M\u00e9xico (Codhem), entre otras dependencias.<br><\/p>\n\n\n\n<p>Para m\u00e1s informaci\u00f3n se pone a disposici\u00f3n el correo electr\u00f3nico migrantes@edomex.gob.mx, las redes sociales: Facebook\/CAI.EdoMex\/ y X @CAI_EDOMEX, as\u00ed como los tel\u00e9fonos 55-5207-8451, 55-5514-0135, 722-167-8318 y terminaci\u00f3n 19.<br><\/p>\n\n\n\n<p>Tambi\u00e9n puedes llamar la L\u00ednea Migrante Mexiquense 877-399-5005 desde Estados Unidos y Canad\u00e1 o al Centro de Atenci\u00f3n Telef\u00f3nica del Gobierno del Estado de M\u00e9xico: 800-696-9696.<\/p>\n","protected":false},"excerpt":{"rendered":"<p>Del 2 de diciembre de 2024 al 10 de enero de 2025 se ofrecer\u00e1 auxilio vial, orientaci\u00f3n tur\u00edstica, servicio m\u00e9dico, entre otros apoyos, a nuestros paisanos que retornan al Estado de M\u00e9xico. El Gobierno del Estado de M\u00e9xico encabezado por la Maestra Delfina G\u00f3mez \u00c1lvarez arranc\u00f3 el Operativo Invierno 2024-2025 \u201cMigrante Mexiquense\u201d para recibir a [&hellip;]<\/p>\n","protected":false},"author":1,"featured_media":70404,"comment_status":"closed","ping_status":"closed","sticky":false,"template":"","format":"standard","meta":{"footnotes":""},"categories":[30,36],"tags":[],"class_list":["post-70403","post","type-post","status-publish","format-standard","has-post-thumbnail","hentry","category-destacado","category-edomex"],"_links":{"self":[{"href":"https:\/\/elinformante.mx\/index.php?rest_route=\/wp\/v2\/posts\/70403","targetHints":{"allow":["GET"]}}],"collection":[{"href":"https:\/\/elinformante.mx\/index.php?rest_route=\/wp\/v2\/posts"}],"about":[{"href":"https:\/\/elinformante.mx\/index.php?rest_route=\/wp\/v2\/types\/post"}],"author":[{"embeddable":true,"href":"https:\/\/elinformante.mx\/index.php?rest_route=\/wp\/v2\/users\/1"}],"replies":[{"embeddable":true,"href":"https:\/\/elinformante.mx\/index.php?rest_route=%2Fwp%2Fv2%2Fcomments&post=70403"}],"version-history":[{"count":0,"href":"https:\/\/elinformante.mx\/index.php?rest_route=\/wp\/v2\/posts\/70403\/revisions"}],"wp:featuredmedia":[{"embeddable":true,"href":"https:\/\/elinformante.mx\/index.php?rest_route=\/wp\/v2\/media\/70404"}],"wp:attachment":[{"href":"https:\/\/elinformante.mx\/index.php?rest_route=%2Fwp%2Fv2%2Fmedia&parent=70403"}],"wp:term":[{"taxonomy":"category","embeddable":true,"href":"https:\/\/elinformante.mx\/index.php?rest_route=%2Fwp%2Fv2%2Fcategories&post=70403"},{"taxonomy":"post_tag","embeddable":true,"href":"https:\/\/elinformante.mx\/index.php?rest_route=%2Fwp%2Fv2%2Ftags&post=70403"}],"curies":[{"name":"wp","href":"https:\/\/api.w.org\/{rel}","templated":true}]}}