{"id":70427,"date":"2024-12-03T06:36:25","date_gmt":"2024-12-03T12:36:25","guid":{"rendered":"https:\/\/elinformante.mx\/?p=70427"},"modified":"2024-12-03T06:36:27","modified_gmt":"2024-12-03T12:36:27","slug":"clara-brugada-buscara-que-cdmx-tenga-una-generacion-sin-vih-y-sin-sida","status":"publish","type":"post","link":"https:\/\/elinformante.mx\/?p=70427","title":{"rendered":"Clara Brugada buscar\u00e1 que CDMX tenga una generaci\u00f3n sin VIH y sin SIDA"},"content":{"rendered":"\n<figure class=\"wp-block-pullquote\"><blockquote><p>La jefa de gobierno anunci\u00f3 la construcci\u00f3n de la tercera cl\u00ednica especializada Condesa, garantizar el tratamiento profil\u00e1ctico a pacientes, y la creaci\u00f3n de 13 estaciones de detecci\u00f3n, y 100 m\u00f3dulos profesionales de prevenci\u00f3n.<\/p><\/blockquote><\/figure>\n\n\n\n<p class=\"has-drop-cap\">Con el objetivo de contar con \u201cuna generaci\u00f3n sin VIH y sin SIDA\u201d, y garantizar la sustentabilidad de la respuesta ante el VIH, la jefa de Gobierno de la Ciudad de M\u00e9xico, Clara Brugada Molina, present\u00f3 siete acciones de prevenci\u00f3n y atenci\u00f3n a esta enfermedad, en el marco de la conmemoraci\u00f3n del D\u00eda Mundial de la Lucha contra el VIH-SIDA.<br><\/p>\n\n\n\n<p>Destac\u00f3 que la meta a alcanzar para el a\u00f1o 2030 es que la Ciudad de M\u00e9xico est\u00e9 libre de esta pandemia, y para ello anunci\u00f3 la construcci\u00f3n de una nueva cl\u00ednica especializada Condesa en la alcald\u00eda Gustavo A. Madero, y 13 estaciones de detecci\u00f3n, prevenci\u00f3n y distribuci\u00f3n de medicamentos contra el VIH-SIDA, que estar\u00e1n a lo largo y ancho de la ciudad.<br><\/p>\n\n\n\n<p>Bajo el lema \u201cSigamos el camino de los derechos\u201d, la mandataria local mencion\u00f3 que, como parte de las acciones preventivas, a partir de hoy se establecer\u00e1n 40 centros de atenci\u00f3n y detecci\u00f3n en toda la ciudad que tienen como objetivo atender a m\u00e1s de 50 mil personas en tres meses; adem\u00e1s, inform\u00f3 se abrir\u00e1n 100 m\u00f3dulos profesionales de salud preventiva contra esta enfermedad, dentro de las Utop\u00edas.<br><\/p>\n\n\n\n<figure class=\"wp-block-image size-large\"><img fetchpriority=\"high\" decoding=\"async\" width=\"1024\" height=\"503\" src=\"https:\/\/elinformante.mx\/wp-content\/uploads\/2024\/12\/5clara-2-1-1024x503.jpeg\" alt=\"\" class=\"wp-image-70429\" srcset=\"https:\/\/elinformante.mx\/wp-content\/uploads\/2024\/12\/5clara-2-1-1024x503.jpeg 1024w, https:\/\/elinformante.mx\/wp-content\/uploads\/2024\/12\/5clara-2-1-300x147.jpeg 300w, https:\/\/elinformante.mx\/wp-content\/uploads\/2024\/12\/5clara-2-1-768x377.jpeg 768w, https:\/\/elinformante.mx\/wp-content\/uploads\/2024\/12\/5clara-2-1.jpeg 1140w\" sizes=\"(max-width: 1024px) 100vw, 1024px\" \/><\/figure>\n\n\n\n<p>Anunci\u00f3 que su gobierno garantizar\u00e1 el acceso universal al tratamiento profil\u00e1ctico con antirretrovirales a todos los pacientes, y se realizar\u00e1n acciones de prevenci\u00f3n en territorios y comunidades vulnerables y marginadas, al tiempo que se fortalecer\u00e1n los programas de atenci\u00f3n a las personas v\u00edctimas de violencia sexual.<br><\/p>\n\n\n\n<p>Al reconocer el trabajo de representantes de organizaciones civiles, activistas y defensores de derechos humanos, la jefa de Gobierno se\u00f1al\u00f3 que el D\u00eda de Mundial de Lucha contra el VIH, que se conmemora cada primero de diciembre, es un d\u00eda de lucha, de manera que refrend\u00f3 el compromiso de trabajar con todos los grupos y organizaciones a trav\u00e9s de la creaci\u00f3n de un consejo que atienda esta pandemia, a fin de implementar una campa\u00f1a intensiva preventiva del VIH casa por casa.<br><\/p>\n\n\n\n<p>Brugada Molina reconoci\u00f3 que la ciudad cuenta con la estrategia m\u00e1s robusta y es ejemplo a nivel mundial en el trabajo de atenci\u00f3n, detecci\u00f3n y prevenci\u00f3n de esta pandemia, y que se realiza en la capital por medio de las cl\u00ednicas especializadas Condesa, pol\u00edtica p\u00fablica que ha permitido reducir en una d\u00e9cada m\u00e1s de 8% el \u00edndice de casos de personas que viven con esta enfermedad.<br><\/p>\n\n\n\n<p>Enfatiz\u00f3 que su gobierno se enfocar\u00e1 en destinar todos los recursos necesarios con un enfoque de derechos humanos, que permita combatir de fondo el estigma y la discriminaci\u00f3n y los prejucios en torno a la atenci\u00f3n, detecci\u00f3n y prevenci\u00f3n del VIH SIDA. \u201cHay esperanza y hay estrategia, y hay que trabajar con urgencia; estamos seguros de que la Ciudad de M\u00e9xico se puede convertir en una ciudad libre de la pandemia del VIH\u201d, afirm\u00f3 la jefa de Gobierno.<\/p>\n","protected":false},"excerpt":{"rendered":"<p>La jefa de gobierno anunci\u00f3 la construcci\u00f3n de la tercera cl\u00ednica especializada Condesa, garantizar el tratamiento profil\u00e1ctico a pacientes, y la creaci\u00f3n de 13 estaciones de detecci\u00f3n, y 100 m\u00f3dulos profesionales de prevenci\u00f3n. Con el objetivo de contar con \u201cuna generaci\u00f3n sin VIH y sin SIDA\u201d, y garantizar la sustentabilidad de la respuesta ante el [&hellip;]<\/p>\n","protected":false},"author":1,"featured_media":70428,"comment_status":"closed","ping_status":"closed","sticky":false,"template":"","format":"standard","meta":{"footnotes":""},"categories":[35,30],"tags":[],"class_list":["post-70427","post","type-post","status-publish","format-standard","has-post-thumbnail","hentry","category-cdmx","category-destacado"],"_links":{"self":[{"href":"https:\/\/elinformante.mx\/index.php?rest_route=\/wp\/v2\/posts\/70427","targetHints":{"allow":["GET"]}}],"collection":[{"href":"https:\/\/elinformante.mx\/index.php?rest_route=\/wp\/v2\/posts"}],"about":[{"href":"https:\/\/elinformante.mx\/index.php?rest_route=\/wp\/v2\/types\/post"}],"author":[{"embeddable":true,"href":"https:\/\/elinformante.mx\/index.php?rest_route=\/wp\/v2\/users\/1"}],"replies":[{"embeddable":true,"href":"https:\/\/elinformante.mx\/index.php?rest_route=%2Fwp%2Fv2%2Fcomments&post=70427"}],"version-history":[{"count":0,"href":"https:\/\/elinformante.mx\/index.php?rest_route=\/wp\/v2\/posts\/70427\/revisions"}],"wp:featuredmedia":[{"embeddable":true,"href":"https:\/\/elinformante.mx\/index.php?rest_route=\/wp\/v2\/media\/70428"}],"wp:attachment":[{"href":"https:\/\/elinformante.mx\/index.php?rest_route=%2Fwp%2Fv2%2Fmedia&parent=70427"}],"wp:term":[{"taxonomy":"category","embeddable":true,"href":"https:\/\/elinformante.mx\/index.php?rest_route=%2Fwp%2Fv2%2Fcategories&post=70427"},{"taxonomy":"post_tag","embeddable":true,"href":"https:\/\/elinformante.mx\/index.php?rest_route=%2Fwp%2Fv2%2Ftags&post=70427"}],"curies":[{"name":"wp","href":"https:\/\/api.w.org\/{rel}","templated":true}]}}