{"id":70434,"date":"2024-12-03T06:41:15","date_gmt":"2024-12-03T12:41:15","guid":{"rendered":"https:\/\/elinformante.mx\/?p=70434"},"modified":"2024-12-03T06:41:16","modified_gmt":"2024-12-03T12:41:16","slug":"declara-scjn-inconstitucional-la-cadena-perpetua","status":"publish","type":"post","link":"https:\/\/elinformante.mx\/?p=70434","title":{"rendered":"Declara SCJN inconstitucional la cadena perpetua"},"content":{"rendered":"\n<figure class=\"wp-block-pullquote\"><blockquote><p>Determinan que la pena impide de forma absoluta al sentenciando su derecho de reinserci\u00f3n social.<\/p><\/blockquote><\/figure>\n\n\n\n<p class=\"has-drop-cap\">La Suprema Corte determin\u00f3 que es inconstitucional la pena de prisi\u00f3n perpetua que estableci\u00f3 Chihuahua para el delito de homicidio doloso de tres o m\u00e1s personas.<br><\/p>\n\n\n\n<p>El m\u00e1ximo tribunal determin\u00f3 que la pena impide de forma absoluta al sentenciando su derecho de reinserci\u00f3n social.<br><\/p>\n\n\n\n<p>La pena de prisi\u00f3n perpetua estaba prevista en el art\u00edculo 127 del C\u00f3digo Penal del Estado de Chihuahua, para el delito de homicidio doloso de tres o m\u00e1s personas.<br><\/p>\n\n\n\n<p>El m\u00e1ximo tribunal aclar\u00f3 que la declaraci\u00f3n de inconstitucionalidad de la pena de prisi\u00f3n vitalicia no implica dejar impune el delito por el cual el quejoso fue procesado.<br><\/p>\n\n\n\n<p>Ahora, la autoridad responsable cuenta con la facultad para analizar nuevamente el expediente y asignar la pena que corresponda.<\/p>\n","protected":false},"excerpt":{"rendered":"<p>Determinan que la pena impide de forma absoluta al sentenciando su derecho de reinserci\u00f3n social. La Suprema Corte determin\u00f3 que es inconstitucional la pena de prisi\u00f3n perpetua que estableci\u00f3 Chihuahua para el delito de homicidio doloso de tres o m\u00e1s personas. El m\u00e1ximo tribunal determin\u00f3 que la pena impide de forma absoluta al sentenciando su [&hellip;]<\/p>\n","protected":false},"author":1,"featured_media":70435,"comment_status":"closed","ping_status":"closed","sticky":false,"template":"","format":"standard","meta":{"footnotes":""},"categories":[30,34],"tags":[],"class_list":["post-70434","post","type-post","status-publish","format-standard","has-post-thumbnail","hentry","category-destacado","category-nacional"],"_links":{"self":[{"href":"https:\/\/elinformante.mx\/index.php?rest_route=\/wp\/v2\/posts\/70434","targetHints":{"allow":["GET"]}}],"collection":[{"href":"https:\/\/elinformante.mx\/index.php?rest_route=\/wp\/v2\/posts"}],"about":[{"href":"https:\/\/elinformante.mx\/index.php?rest_route=\/wp\/v2\/types\/post"}],"author":[{"embeddable":true,"href":"https:\/\/elinformante.mx\/index.php?rest_route=\/wp\/v2\/users\/1"}],"replies":[{"embeddable":true,"href":"https:\/\/elinformante.mx\/index.php?rest_route=%2Fwp%2Fv2%2Fcomments&post=70434"}],"version-history":[{"count":0,"href":"https:\/\/elinformante.mx\/index.php?rest_route=\/wp\/v2\/posts\/70434\/revisions"}],"wp:featuredmedia":[{"embeddable":true,"href":"https:\/\/elinformante.mx\/index.php?rest_route=\/wp\/v2\/media\/70435"}],"wp:attachment":[{"href":"https:\/\/elinformante.mx\/index.php?rest_route=%2Fwp%2Fv2%2Fmedia&parent=70434"}],"wp:term":[{"taxonomy":"category","embeddable":true,"href":"https:\/\/elinformante.mx\/index.php?rest_route=%2Fwp%2Fv2%2Fcategories&post=70434"},{"taxonomy":"post_tag","embeddable":true,"href":"https:\/\/elinformante.mx\/index.php?rest_route=%2Fwp%2Fv2%2Ftags&post=70434"}],"curies":[{"name":"wp","href":"https:\/\/api.w.org\/{rel}","templated":true}]}}