{"id":70437,"date":"2024-12-03T06:47:15","date_gmt":"2024-12-03T12:47:15","guid":{"rendered":"https:\/\/elinformante.mx\/?p=70437"},"modified":"2024-12-03T06:48:30","modified_gmt":"2024-12-03T12:48:30","slug":"inicia-la-construccion-en-sinaloa-de-la-primera-unidad-de-paidopsiquiatria","status":"publish","type":"post","link":"https:\/\/elinformante.mx\/?p=70437","title":{"rendered":"Inicia la construcci\u00f3n en Sinaloa de la primera Unidad de Paidopsiquiatr\u00eda"},"content":{"rendered":"\n<figure class=\"wp-block-pullquote\"><blockquote><p>Adem\u00e1s en el evento, Rub\u00e9n Rocha, gobernador de Sinaloa, inaugur\u00f3 la ampliaci\u00f3n del Hospital Psiqui\u00e1trico.<\/p><\/blockquote><\/figure>\n\n\n\n<p class=\"has-drop-cap\">Se llev\u00f3 a cabo la inauguraci\u00f3n de la ampliaci\u00f3n del Hospital Psiqui\u00e1trico de Sinaloa, adem\u00e1s de iniciar la construcci\u00f3n de la primera Unidad de Paidopsiquiatr\u00eda en el norte del pa\u00eds.<br><\/p>\n\n\n\n<p>Este hecho hist\u00f3rico para la salud mental en M\u00e9xico el gobernador estuvo acompa\u00f1ado por la presidenta del DIF Estatal, Eneyda Rocha Ruiz, el secretario de Salud, Cuitl\u00e1huac Gonz\u00e1lez, y el director del hospital, Sa\u00fal P\u00e9rez Parra.<br><\/p>\n\n\n\n<p>En el evento, el mandatario reafirm\u00f3 su compromiso con la atenci\u00f3n integral de la salud mental y la justicia social.<br><\/p>\n\n\n\n<p>Esta nueva unidad responder\u00e1 a las urgentes necesidades en la regi\u00f3n, convirti\u00e9ndose en la tercera unidad en el pa\u00eds que es dedicada a la salud mental infantil.<br><\/p>\n\n\n\n<p>En Sinaloa hay m\u00e1s de 10,000 ni\u00f1os menores de 14 a\u00f1os con trastornos mentales y 2,000 con trastorno del espectro autista. La unidad contar\u00e1 con psiquiatras pedi\u00e1tricos, pediatras, psic\u00f3logos, \u00e1reas de atenci\u00f3n motriz, terapia grupal y espacios de internamiento.<br><\/p>\n\n\n\n<p>Este proyecto tendr\u00e1 una inversi\u00f3n de 6.8 millones de pesos, la ampliaci\u00f3n del hospital psiqui\u00e1trico aument\u00f3 su capacidad de atenci\u00f3n en un 33 %, al pasar de 32 a 48 camas. Por su parte, la construcci\u00f3n de la Unidad de Paidopsiquiatr\u00eda requerir\u00e1 una inversi\u00f3n adicional de 2 millones de pesos.<br><\/p>\n\n\n\n<p>Rocha Moya declar\u00f3 que el compromiso no es solo inaugura estas instalaciones, tambi\u00e9n es garantizar que el personal calificado opere con los recursos suficientes.<br><\/p>\n\n\n\n<p>El gobernador destac\u00f3 otros logros en materia de salud, como la creaci\u00f3n del Centro Telet\u00f3n en Mazatl\u00e1n, la adquisici\u00f3n de un acelerador lineal para tratamientos de c\u00e1ncer y las mejoras en el Centro de Rehabilitaci\u00f3n y Educaci\u00f3n Especial (CREE).<br><\/p>\n\n\n\n<p>Adem\u00e1s, resalt\u00f3 su pol\u00edtica de justicia social al extender la pensi\u00f3n para personas con discapacidad hasta los 64 a\u00f1os, convirtiendo a Sinaloa en un referente a nivel nacional.<br><\/p>\n\n\n\n<p>El director del Hospital Psiqui\u00e1trico, Sa\u00fal P\u00e9rez Parra, agradeci\u00f3 el apoyo del gobierno estatal y enfatiz\u00f3 que, gracias a las inversiones y esfuerzos realizados, la instituci\u00f3n es ahora una de las diez mejores del pa\u00eds en su tipo, brindando m\u00e1s de 60,000 atenciones anuales de calidad.<\/p>\n","protected":false},"excerpt":{"rendered":"<p>Adem\u00e1s en el evento, Rub\u00e9n Rocha, gobernador de Sinaloa, inaugur\u00f3 la ampliaci\u00f3n del Hospital Psiqui\u00e1trico. Se llev\u00f3 a cabo la inauguraci\u00f3n de la ampliaci\u00f3n del Hospital Psiqui\u00e1trico de Sinaloa, adem\u00e1s de iniciar la construcci\u00f3n de la primera Unidad de Paidopsiquiatr\u00eda en el norte del pa\u00eds. Este hecho hist\u00f3rico para la salud mental en M\u00e9xico el [&hellip;]<\/p>\n","protected":false},"author":1,"featured_media":70438,"comment_status":"closed","ping_status":"closed","sticky":false,"template":"","format":"standard","meta":{"footnotes":""},"categories":[34],"tags":[],"class_list":["post-70437","post","type-post","status-publish","format-standard","has-post-thumbnail","hentry","category-nacional"],"_links":{"self":[{"href":"https:\/\/elinformante.mx\/index.php?rest_route=\/wp\/v2\/posts\/70437","targetHints":{"allow":["GET"]}}],"collection":[{"href":"https:\/\/elinformante.mx\/index.php?rest_route=\/wp\/v2\/posts"}],"about":[{"href":"https:\/\/elinformante.mx\/index.php?rest_route=\/wp\/v2\/types\/post"}],"author":[{"embeddable":true,"href":"https:\/\/elinformante.mx\/index.php?rest_route=\/wp\/v2\/users\/1"}],"replies":[{"embeddable":true,"href":"https:\/\/elinformante.mx\/index.php?rest_route=%2Fwp%2Fv2%2Fcomments&post=70437"}],"version-history":[{"count":0,"href":"https:\/\/elinformante.mx\/index.php?rest_route=\/wp\/v2\/posts\/70437\/revisions"}],"wp:featuredmedia":[{"embeddable":true,"href":"https:\/\/elinformante.mx\/index.php?rest_route=\/wp\/v2\/media\/70438"}],"wp:attachment":[{"href":"https:\/\/elinformante.mx\/index.php?rest_route=%2Fwp%2Fv2%2Fmedia&parent=70437"}],"wp:term":[{"taxonomy":"category","embeddable":true,"href":"https:\/\/elinformante.mx\/index.php?rest_route=%2Fwp%2Fv2%2Fcategories&post=70437"},{"taxonomy":"post_tag","embeddable":true,"href":"https:\/\/elinformante.mx\/index.php?rest_route=%2Fwp%2Fv2%2Ftags&post=70437"}],"curies":[{"name":"wp","href":"https:\/\/api.w.org\/{rel}","templated":true}]}}