{"id":70448,"date":"2024-12-03T06:58:42","date_gmt":"2024-12-03T12:58:42","guid":{"rendered":"https:\/\/elinformante.mx\/?p=70448"},"modified":"2024-12-03T06:58:44","modified_gmt":"2024-12-03T12:58:44","slug":"exigen-colectivos-que-tren-maya-no-considere-a-venados-y-jaguares-como-fauna-nociva","status":"publish","type":"post","link":"https:\/\/elinformante.mx\/?p=70448","title":{"rendered":"Exigen colectivos que Tren Maya no considere a venados y jaguares como fauna nociva"},"content":{"rendered":"\n<figure class=\"wp-block-pullquote\"><blockquote><p>En la selva de la Pen\u00ednsula de Yucat\u00e1n se encuentra uno de los ecosistemas m\u00e1s ricos en biodiversidad del planeta, incluyendo especies en peligro de extinci\u00f3n, como el jaguar.<\/p><\/blockquote><\/figure>\n\n\n\n<p class=\"has-drop-cap\">El colectivo \u201cS\u00e9lvame del Tren\u201d conden\u00f3 el contrato entre el Tren Maya y una empresa privada que busca ahuyentar la fauna de las v\u00edas f\u00e9rreas que pudiesen poner en riesgo la operatividad del servicio.<br><\/p>\n\n\n\n<p>Se trata de un contrato de 9 millones de pesos con la empresa Susoma Soluciones Ambientales, que estar\u00e1 encargada de ahuyentar, capturar, remover e incluso sacrificar a especies que amenacen las v\u00edas del Tren Maya.<br><\/p>\n\n\n\n<p>Sin embargo la selva de la Pen\u00ednsula de Yucat\u00e1n es uno de los ecosistemas m\u00e1s ricos en biodiversidad del planeta, incluyendo especies en peligro de extinci\u00f3n como el jaguar, se\u00f1ala el colectivo.<br><\/p>\n\n\n\n<figure class=\"wp-block-image size-large\"><img fetchpriority=\"high\" decoding=\"async\" width=\"1024\" height=\"503\" src=\"https:\/\/elinformante.mx\/wp-content\/uploads\/2024\/12\/9condenan-2-1024x503.jpg\" alt=\"\" class=\"wp-image-70450\" srcset=\"https:\/\/elinformante.mx\/wp-content\/uploads\/2024\/12\/9condenan-2-1024x503.jpg 1024w, https:\/\/elinformante.mx\/wp-content\/uploads\/2024\/12\/9condenan-2-300x147.jpg 300w, https:\/\/elinformante.mx\/wp-content\/uploads\/2024\/12\/9condenan-2-768x377.jpg 768w, https:\/\/elinformante.mx\/wp-content\/uploads\/2024\/12\/9condenan-2.jpg 1140w\" sizes=\"(max-width: 1024px) 100vw, 1024px\" \/><\/figure>\n\n\n\n<p>\u201cMedidas como \u00e9sta, no s\u00f3lo representan un ataque directo a la fauna local, sino tambi\u00e9n una violaci\u00f3n de las leyes ambientales mexicanas y los compromisos internacionales en materia de conservaci\u00f3n\u201d.<br><\/p>\n\n\n\n<p>Mencionaron que el tren y otros proyectos asociados nunca debieron ser impuestos ilegalmente dentro de la Selva Maya, este control de fauna local demuestra la fragmentaci\u00f3n del ecosistema que tanto se advirti\u00f3, no es la fauna la que debe ser controlada, sino proyectos como un tren en la selva, lo que es nocivo para el progreso y el medioambiente, a\u00f1aden.<br><\/p>\n\n\n\n<p>Piden por \u00faltimo a la presidenta de M\u00e9xico, Claudia Sheinbaum, y a la Secretaria de Medio Ambiente y Recursos Naturales, Alicia B\u00e1rcena, que act\u00faen de inmediato, se pronuncien p\u00fablicamente sobre esta situaci\u00f3n y ejerzan su autoridad para garantizar que se cumpla la legislaci\u00f3n ambiental vigente para evitar sacrificios de jaguares y venados.<\/p>\n","protected":false},"excerpt":{"rendered":"<p>En la selva de la Pen\u00ednsula de Yucat\u00e1n se encuentra uno de los ecosistemas m\u00e1s ricos en biodiversidad del planeta, incluyendo especies en peligro de extinci\u00f3n, como el jaguar. El colectivo \u201cS\u00e9lvame del Tren\u201d conden\u00f3 el contrato entre el Tren Maya y una empresa privada que busca ahuyentar la fauna de las v\u00edas f\u00e9rreas que [&hellip;]<\/p>\n","protected":false},"author":1,"featured_media":70449,"comment_status":"closed","ping_status":"closed","sticky":false,"template":"","format":"standard","meta":{"footnotes":""},"categories":[30,34,31],"tags":[],"class_list":["post-70448","post","type-post","status-publish","format-standard","has-post-thumbnail","hentry","category-destacado","category-nacional","category-portada"],"_links":{"self":[{"href":"https:\/\/elinformante.mx\/index.php?rest_route=\/wp\/v2\/posts\/70448","targetHints":{"allow":["GET"]}}],"collection":[{"href":"https:\/\/elinformante.mx\/index.php?rest_route=\/wp\/v2\/posts"}],"about":[{"href":"https:\/\/elinformante.mx\/index.php?rest_route=\/wp\/v2\/types\/post"}],"author":[{"embeddable":true,"href":"https:\/\/elinformante.mx\/index.php?rest_route=\/wp\/v2\/users\/1"}],"replies":[{"embeddable":true,"href":"https:\/\/elinformante.mx\/index.php?rest_route=%2Fwp%2Fv2%2Fcomments&post=70448"}],"version-history":[{"count":0,"href":"https:\/\/elinformante.mx\/index.php?rest_route=\/wp\/v2\/posts\/70448\/revisions"}],"wp:featuredmedia":[{"embeddable":true,"href":"https:\/\/elinformante.mx\/index.php?rest_route=\/wp\/v2\/media\/70449"}],"wp:attachment":[{"href":"https:\/\/elinformante.mx\/index.php?rest_route=%2Fwp%2Fv2%2Fmedia&parent=70448"}],"wp:term":[{"taxonomy":"category","embeddable":true,"href":"https:\/\/elinformante.mx\/index.php?rest_route=%2Fwp%2Fv2%2Fcategories&post=70448"},{"taxonomy":"post_tag","embeddable":true,"href":"https:\/\/elinformante.mx\/index.php?rest_route=%2Fwp%2Fv2%2Ftags&post=70448"}],"curies":[{"name":"wp","href":"https:\/\/api.w.org\/{rel}","templated":true}]}}