{"id":70611,"date":"2024-12-05T05:33:00","date_gmt":"2024-12-05T11:33:00","guid":{"rendered":"https:\/\/elinformante.mx\/?p=70611"},"modified":"2024-12-05T05:33:02","modified_gmt":"2024-12-05T11:33:02","slug":"roban-en-veracruz-el-equipo-de-sonido-de-luis-miguel","status":"publish","type":"post","link":"https:\/\/elinformante.mx\/?p=70611","title":{"rendered":"Roban en Veracruz el equipo de sonido de Luis Miguel"},"content":{"rendered":"\n<figure class=\"wp-block-pullquote\"><blockquote><p>Estos hechos sucedieron el pasado 3 de diciembre, pero el gobierno del estado neg\u00f3 todo.<\/p><\/blockquote><\/figure>\n\n\n\n<p class=\"has-drop-cap\">Fue una empresa privada qui\u00e9n denunci\u00f3 el robo del equipo del cantante Luis Miguel, que estaba destinado para uno de los conciertos en el puerto de Veracruz.<br><\/p>\n\n\n\n<p>Sin embargo el Gobierno del estado desminti\u00f3 el robo, tuvo que ser la empresa Piso Modular y Escenarios de M\u00e9xico S.A. de C.V. qui\u00e9n confirm\u00f3 el hurto de equipo para el show.<br><\/p>\n\n\n\n<p>\u201cEn relaci\u00f3n con las notas que han circulado sobre el robo de equipo transportado en un tr\u00e1iler con destino al concierto de Luis Miguel en Veracruz, Piso Modular y Escenarios de M\u00e9xico S.A. de C.V. desea confirmar que estos lamentables hechos son ciertos\u201d, se\u00f1al\u00f3 en un comunicado de prensa.<br><\/p>\n\n\n\n<p>Fue el pasado 3 de diciembre, cuando fueron v\u00edctimas de la delincuencia que azota las carreteras de nuestro pa\u00eds, sin embargo no especific\u00f3 en donde ocurrieron los hechos.<br><\/p>\n\n\n\n<p>La empresa manifest\u00f3 que \u201cel robo se llev\u00f3 a cabo con violencia y a mano armada, poniendo en riesgo la integridad de quienes estaban involucrados en el transporte del equipo. A pesar de esta situaci\u00f3n, queremos asegurar que el evento de Luis Miguel est\u00e1 100% confirmado\u201d.<br><\/p>\n\n\n\n<p>Horas antes y tras la difusi\u00f3n de noticias sobre el robo, el Gobierno del Estado de Veracruz emiti\u00f3 sendos mensajes en redes sociales para desmentir el huerto del equipo.<br><\/p>\n\n\n\n<p>-\u201dDesmentido sobre presunto robo de veh\u00edculo en Veracruz. \u00a1No te dejes enga\u00f1ar!<br><\/p>\n\n\n\n<figure class=\"wp-block-image size-large\"><img fetchpriority=\"high\" decoding=\"async\" width=\"1024\" height=\"503\" src=\"https:\/\/elinformante.mx\/wp-content\/uploads\/2024\/12\/15roban-1024x503.jpg\" alt=\"\" class=\"wp-image-70613\" srcset=\"https:\/\/elinformante.mx\/wp-content\/uploads\/2024\/12\/15roban-1024x503.jpg 1024w, https:\/\/elinformante.mx\/wp-content\/uploads\/2024\/12\/15roban-300x147.jpg 300w, https:\/\/elinformante.mx\/wp-content\/uploads\/2024\/12\/15roban-768x377.jpg 768w, https:\/\/elinformante.mx\/wp-content\/uploads\/2024\/12\/15roban.jpg 1140w\" sizes=\"(max-width: 1024px) 100vw, 1024px\" \/><\/figure>\n\n\n\n<p>-#NoticiaFalsa\u201d, difundi\u00f3 el \u00e1rea de comunicaci\u00f3n social del gobierno de la morenista Roc\u00edo Nahle Garc\u00eda.<\/p>\n","protected":false},"excerpt":{"rendered":"<p>Estos hechos sucedieron el pasado 3 de diciembre, pero el gobierno del estado neg\u00f3 todo. Fue una empresa privada qui\u00e9n denunci\u00f3 el robo del equipo del cantante Luis Miguel, que estaba destinado para uno de los conciertos en el puerto de Veracruz. Sin embargo el Gobierno del estado desminti\u00f3 el robo, tuvo que ser la [&hellip;]<\/p>\n","protected":false},"author":1,"featured_media":70612,"comment_status":"closed","ping_status":"closed","sticky":false,"template":"","format":"standard","meta":{"footnotes":""},"categories":[39],"tags":[],"class_list":["post-70611","post","type-post","status-publish","format-standard","has-post-thumbnail","hentry","category-espectaculos"],"_links":{"self":[{"href":"https:\/\/elinformante.mx\/index.php?rest_route=\/wp\/v2\/posts\/70611","targetHints":{"allow":["GET"]}}],"collection":[{"href":"https:\/\/elinformante.mx\/index.php?rest_route=\/wp\/v2\/posts"}],"about":[{"href":"https:\/\/elinformante.mx\/index.php?rest_route=\/wp\/v2\/types\/post"}],"author":[{"embeddable":true,"href":"https:\/\/elinformante.mx\/index.php?rest_route=\/wp\/v2\/users\/1"}],"replies":[{"embeddable":true,"href":"https:\/\/elinformante.mx\/index.php?rest_route=%2Fwp%2Fv2%2Fcomments&post=70611"}],"version-history":[{"count":0,"href":"https:\/\/elinformante.mx\/index.php?rest_route=\/wp\/v2\/posts\/70611\/revisions"}],"wp:featuredmedia":[{"embeddable":true,"href":"https:\/\/elinformante.mx\/index.php?rest_route=\/wp\/v2\/media\/70612"}],"wp:attachment":[{"href":"https:\/\/elinformante.mx\/index.php?rest_route=%2Fwp%2Fv2%2Fmedia&parent=70611"}],"wp:term":[{"taxonomy":"category","embeddable":true,"href":"https:\/\/elinformante.mx\/index.php?rest_route=%2Fwp%2Fv2%2Fcategories&post=70611"},{"taxonomy":"post_tag","embeddable":true,"href":"https:\/\/elinformante.mx\/index.php?rest_route=%2Fwp%2Fv2%2Ftags&post=70611"}],"curies":[{"name":"wp","href":"https:\/\/api.w.org\/{rel}","templated":true}]}}