{"id":70625,"date":"2024-12-05T05:40:57","date_gmt":"2024-12-05T11:40:57","guid":{"rendered":"https:\/\/elinformante.mx\/?p=70625"},"modified":"2024-12-05T05:40:58","modified_gmt":"2024-12-05T11:40:58","slug":"dos-hombres-son-detenidos-acusados-de-robo-con-violencia","status":"publish","type":"post","link":"https:\/\/elinformante.mx\/?p=70625","title":{"rendered":"Dos hombres son detenidos acusados de robo con violencia"},"content":{"rendered":"\n<figure class=\"wp-block-pullquote\"><blockquote><p>Los inculpados al parecer amagaron con una navaja a un transe\u00fante para despojarlo de sus pertenencias.<\/p><\/blockquote><\/figure>\n\n\n\n<p class=\"has-drop-cap\">Dos hombres que al parecer robaron con violencia a un transe\u00fante, fueron detenidos por elementos de la Secretar\u00eda de Seguridad del Estado de M\u00e9xico (SSEM), momentos despu\u00e9s del hecho delictivo.<br><\/p>\n\n\n\n<p>Fue en la calle Francisco I. Madero en su esquina con R\u00edo Hondo, en la colonia El Chamizal, donde fueron alertados los oficiales por un joven quien inform\u00f3 que dos personas que corr\u00edan m\u00e1s adelante, lo hab\u00edan amagado con una navaja para despojarlo de sus pertenencias.<br><\/p>\n\n\n\n<p>Se inicio una persecuci\u00f3n, donde se dio alcance a Brandon \u201cN\u201d y Adri\u00e1n \u201cN\u201d de 23 y 28 a\u00f1os, respectivamente, a quienes, se les solicit\u00f3 se detuvieran y se les practic\u00f3 una inspecci\u00f3n.<br><\/p>\n\n\n\n<p>Al concluir localizaron una navaja plegable, una cartera de piel, color caf\u00e9, con identificaciones de la parte afectada, una bolsa de vinipiel, as\u00ed como dos tel\u00e9fonos inteligentes, de los que no acreditaron su propiedad.<br><\/p>\n\n\n\n<p>Al sitio acudi\u00f3 el afectado, quien reconoci\u00f3 plenamente a sus agresores, por lo que tras la lectura de los derechos que la ley consagra a su favor, fueron remitidos ante el Ministerio P\u00fablico, donde se definir\u00e1 su situaci\u00f3n jur\u00eddica.<\/p>\n","protected":false},"excerpt":{"rendered":"<p>Los inculpados al parecer amagaron con una navaja a un transe\u00fante para despojarlo de sus pertenencias. Dos hombres que al parecer robaron con violencia a un transe\u00fante, fueron detenidos por elementos de la Secretar\u00eda de Seguridad del Estado de M\u00e9xico (SSEM), momentos despu\u00e9s del hecho delictivo. Fue en la calle Francisco I. Madero en su [&hellip;]<\/p>\n","protected":false},"author":1,"featured_media":70626,"comment_status":"closed","ping_status":"closed","sticky":false,"template":"","format":"standard","meta":{"footnotes":""},"categories":[36,37],"tags":[],"class_list":["post-70625","post","type-post","status-publish","format-standard","has-post-thumbnail","hentry","category-edomex","category-justicia"],"_links":{"self":[{"href":"https:\/\/elinformante.mx\/index.php?rest_route=\/wp\/v2\/posts\/70625","targetHints":{"allow":["GET"]}}],"collection":[{"href":"https:\/\/elinformante.mx\/index.php?rest_route=\/wp\/v2\/posts"}],"about":[{"href":"https:\/\/elinformante.mx\/index.php?rest_route=\/wp\/v2\/types\/post"}],"author":[{"embeddable":true,"href":"https:\/\/elinformante.mx\/index.php?rest_route=\/wp\/v2\/users\/1"}],"replies":[{"embeddable":true,"href":"https:\/\/elinformante.mx\/index.php?rest_route=%2Fwp%2Fv2%2Fcomments&post=70625"}],"version-history":[{"count":0,"href":"https:\/\/elinformante.mx\/index.php?rest_route=\/wp\/v2\/posts\/70625\/revisions"}],"wp:featuredmedia":[{"embeddable":true,"href":"https:\/\/elinformante.mx\/index.php?rest_route=\/wp\/v2\/media\/70626"}],"wp:attachment":[{"href":"https:\/\/elinformante.mx\/index.php?rest_route=%2Fwp%2Fv2%2Fmedia&parent=70625"}],"wp:term":[{"taxonomy":"category","embeddable":true,"href":"https:\/\/elinformante.mx\/index.php?rest_route=%2Fwp%2Fv2%2Fcategories&post=70625"},{"taxonomy":"post_tag","embeddable":true,"href":"https:\/\/elinformante.mx\/index.php?rest_route=%2Fwp%2Fv2%2Ftags&post=70625"}],"curies":[{"name":"wp","href":"https:\/\/api.w.org\/{rel}","templated":true}]}}