{"id":70631,"date":"2024-12-05T05:43:58","date_gmt":"2024-12-05T11:43:58","guid":{"rendered":"https:\/\/elinformante.mx\/?p=70631"},"modified":"2024-12-05T05:44:00","modified_gmt":"2024-12-05T11:44:00","slug":"es-condenado-a-40-anos-tras-cometer-un-homicidio-en-ecatepec","status":"publish","type":"post","link":"https:\/\/elinformante.mx\/?p=70631","title":{"rendered":"Es condenado a 40 a\u00f1os tras cometer un homicidio en Ecatepec"},"content":{"rendered":"\n<figure class=\"wp-block-pullquote\"><blockquote><p>Este il\u00edcito lo perpetr\u00f3 el 24 de diciembre de 2023.<\/p><\/blockquote><\/figure>\n\n\n\n<p class=\"has-drop-cap\">Un individuo identificado como Ricardo Su\u00e1rez Rinc\u00f3n, fue sentenciado a 40 a\u00f1os de prisi\u00f3n, una vez que la Fiscal\u00eda General de Justicia del Estado de M\u00e9xico (FGJEM) acredit\u00f3 intervenci\u00f3n en el delito de homicidio calificado en agravio de un hombre en este municipio.<br><\/p>\n\n\n\n<p>Con las pruebas recabadas, aportadas y expuestas por el Ministerio P\u00fablico, la Autoridad Judicial emiti\u00f3 esta condena contra el acusado, adem\u00e1s le fij\u00f3 multa de 72 mil 618 pesos y 227 mil 190 pesos como reparaci\u00f3n del da\u00f1o, en tanto que sus derechos civiles y pol\u00edticos quedaron suspendidos.<br><\/p>\n\n\n\n<p>Ricardo Su\u00e1rez Rinc\u00f3n fue encontrado responsable de hechos perpetrados el 24 de diciembre de 2023 cuando en complicidad con otro individuo, priv\u00f3 de la vida a la v\u00edctima en un negocio destinado a barber\u00eda, ubicado en la colonia Alfredo Del Mazo, en Ecatepec.<br><\/p>\n\n\n\n<p>Ese d\u00eda la v\u00edctima, acompa\u00f1ada de su pareja sentimental, acudi\u00f3 al negocio referido, momentos despu\u00e9s al lugar arrib\u00f3 el ahora sentenciado y otro individuo a bordo de un veh\u00edculo; el c\u00f3mplice del ahora sentenciado ingres\u00f3 a dicho establecimiento y al tener a la vista a la v\u00edctima le dispar\u00f3 con un arma de fuego, ocasion\u00e1ndole la muerte.<br><\/p>\n\n\n\n<p>Tras haber cometido el homicidio, el implicado sali\u00f3 del lugar y abord\u00f3 la unidad automotora en la cual lo esperaba Ricardo Su\u00e1rez Rinc\u00f3n.<br><\/p>\n\n\n\n<p>Tras las investigaciones, se identific\u00f3 y detuvo d\u00edas despu\u00e9s a este individuo, mismo que fue ingresado al Centro Penitenciario y de Reinserci\u00f3n Social de Ecatepec, a disposici\u00f3n de un Juez, quien tras proceso legal, le dict\u00f3 esta sentencia de condena.<\/p>\n","protected":false},"excerpt":{"rendered":"<p>Este il\u00edcito lo perpetr\u00f3 el 24 de diciembre de 2023. Un individuo identificado como Ricardo Su\u00e1rez Rinc\u00f3n, fue sentenciado a 40 a\u00f1os de prisi\u00f3n, una vez que la Fiscal\u00eda General de Justicia del Estado de M\u00e9xico (FGJEM) acredit\u00f3 intervenci\u00f3n en el delito de homicidio calificado en agravio de un hombre en este municipio. Con las [&hellip;]<\/p>\n","protected":false},"author":1,"featured_media":70632,"comment_status":"closed","ping_status":"closed","sticky":false,"template":"","format":"standard","meta":{"footnotes":""},"categories":[30,36,37],"tags":[],"class_list":["post-70631","post","type-post","status-publish","format-standard","has-post-thumbnail","hentry","category-destacado","category-edomex","category-justicia"],"_links":{"self":[{"href":"https:\/\/elinformante.mx\/index.php?rest_route=\/wp\/v2\/posts\/70631","targetHints":{"allow":["GET"]}}],"collection":[{"href":"https:\/\/elinformante.mx\/index.php?rest_route=\/wp\/v2\/posts"}],"about":[{"href":"https:\/\/elinformante.mx\/index.php?rest_route=\/wp\/v2\/types\/post"}],"author":[{"embeddable":true,"href":"https:\/\/elinformante.mx\/index.php?rest_route=\/wp\/v2\/users\/1"}],"replies":[{"embeddable":true,"href":"https:\/\/elinformante.mx\/index.php?rest_route=%2Fwp%2Fv2%2Fcomments&post=70631"}],"version-history":[{"count":0,"href":"https:\/\/elinformante.mx\/index.php?rest_route=\/wp\/v2\/posts\/70631\/revisions"}],"wp:featuredmedia":[{"embeddable":true,"href":"https:\/\/elinformante.mx\/index.php?rest_route=\/wp\/v2\/media\/70632"}],"wp:attachment":[{"href":"https:\/\/elinformante.mx\/index.php?rest_route=%2Fwp%2Fv2%2Fmedia&parent=70631"}],"wp:term":[{"taxonomy":"category","embeddable":true,"href":"https:\/\/elinformante.mx\/index.php?rest_route=%2Fwp%2Fv2%2Fcategories&post=70631"},{"taxonomy":"post_tag","embeddable":true,"href":"https:\/\/elinformante.mx\/index.php?rest_route=%2Fwp%2Fv2%2Ftags&post=70631"}],"curies":[{"name":"wp","href":"https:\/\/api.w.org\/{rel}","templated":true}]}}