{"id":70645,"date":"2024-12-05T05:55:09","date_gmt":"2024-12-05T11:55:09","guid":{"rendered":"https:\/\/elinformante.mx\/?p=70645"},"modified":"2024-12-05T05:55:10","modified_gmt":"2024-12-05T11:55:10","slug":"encienden-arbol-navideno-en-zinacantepec","status":"publish","type":"post","link":"https:\/\/elinformante.mx\/?p=70645","title":{"rendered":"Encienden \u00e1rbol navide\u00f1o en Zinacantepec"},"content":{"rendered":"\n<figure class=\"wp-block-pullquote\"><blockquote><p>Manuel Vilchis encabez\u00f3 el Festival Navide\u00f1o, acto que busca fortalecer la unidad familiar, los valores como amor, respeto, unidad y solidaridad<\/p><\/blockquote><\/figure>\n\n\n\n<p class=\"has-drop-cap\">En una noche m\u00e1gica llena de luz y alegr\u00eda, el presidente municipal de Zinacantepec, Manuel Vilchis Viveros, acompa\u00f1ado de miembros del Cabildo y de la presidenta honor\u00edfica del Sistema Municipal para el Desarrollo Integral de la Familia (DIF), Jessica R\u00edos Lara, encabez\u00f3 el tradicional encendido del \u00e1rbol navide\u00f1o en la explanada municipal.<br><\/p>\n\n\n\n<p>El \u00e1rbol, con una imponente altura de m\u00e1s de 10 metros, adornado con flores de nochebuena y estrellas brillantes, se erige como un s\u00edmbolo de esperanza, uni\u00f3n y sue\u00f1os compartidos entre las y los zinacantepequenses. Este evento es una celebraci\u00f3n que refuerza la importancia de la familia, los valores y la unidad.<br><\/p>\n\n\n\n<p>Como parte de las festividades, los asistentes disfrutaron de una presentaci\u00f3n especial a cargo de grupos art\u00edsticos de la Casa de Cultura Matilde Z\u00fa\u00f1iga, quienes interpretaron tradicionales melod\u00edas navide\u00f1as como Noche de Paz, El Burrito Sabanero y Navidad Rock. Adem\u00e1s, los m\u00e1s peque\u00f1os y sus familias se deleitaron con un espect\u00e1culo ofrecido por la doble de Tatiana, quien llen\u00f3 de risas y alegr\u00eda el ambiente festivo.<br><\/p>\n\n\n\n<figure class=\"wp-block-image size-large\"><img fetchpriority=\"high\" decoding=\"async\" width=\"1024\" height=\"503\" src=\"https:\/\/elinformante.mx\/wp-content\/uploads\/2024\/12\/11zina-2-1-1024x503.jpg\" alt=\"\" class=\"wp-image-70647\" srcset=\"https:\/\/elinformante.mx\/wp-content\/uploads\/2024\/12\/11zina-2-1-1024x503.jpg 1024w, https:\/\/elinformante.mx\/wp-content\/uploads\/2024\/12\/11zina-2-1-300x147.jpg 300w, https:\/\/elinformante.mx\/wp-content\/uploads\/2024\/12\/11zina-2-1-768x377.jpg 768w, https:\/\/elinformante.mx\/wp-content\/uploads\/2024\/12\/11zina-2-1.jpg 1140w\" sizes=\"(max-width: 1024px) 100vw, 1024px\" \/><\/figure>\n\n\n\n<p>En su mensaje, el alcalde Manuel Vilchis Viveros destac\u00f3 que la Navidad es una oportunidad para reflexionar sobre los valores esenciales que fortalecen a la sociedad, \u201c\u2026La Navidad nos invita a compartir, adem\u00e1s de apoyar a quienes m\u00e1s lo necesitan, para revivir los valores de paz, reconciliaci\u00f3n, amor y respeto. Este \u00e1rbol es un s\u00edmbolo de nuestras esperanzas y sue\u00f1os, que nos une como comunidad y nos recuerda que juntos somos m\u00e1s fuertes\u201d.<br><\/p>\n\n\n\n<p>Para cerrar con broche de oro esta celebraci\u00f3n, la administraci\u00f3n municipal 2022-2024 distribuy\u00f3 bolsas de dulces a las ni\u00f1as y ni\u00f1os asistentes, mientras los adultos disfrutaron de tradicionales tamales y atole, compartiendo en familia y comunidad este c\u00e1lido momento.<br><\/p>\n\n\n\n<p>Con esta actividad, el gobierno municipal reafirma su compromiso de promover los valores familiares y las tradiciones que dan identidad y fortaleza al Pueblo con Encanto de Zinacantepec.<\/p>\n","protected":false},"excerpt":{"rendered":"<p>Manuel Vilchis encabez\u00f3 el Festival Navide\u00f1o, acto que busca fortalecer la unidad familiar, los valores como amor, respeto, unidad y solidaridad En una noche m\u00e1gica llena de luz y alegr\u00eda, el presidente municipal de Zinacantepec, Manuel Vilchis Viveros, acompa\u00f1ado de miembros del Cabildo y de la presidenta honor\u00edfica del Sistema Municipal para el Desarrollo Integral [&hellip;]<\/p>\n","protected":false},"author":1,"featured_media":70646,"comment_status":"closed","ping_status":"closed","sticky":false,"template":"","format":"standard","meta":{"footnotes":""},"categories":[30,36],"tags":[],"class_list":["post-70645","post","type-post","status-publish","format-standard","has-post-thumbnail","hentry","category-destacado","category-edomex"],"_links":{"self":[{"href":"https:\/\/elinformante.mx\/index.php?rest_route=\/wp\/v2\/posts\/70645","targetHints":{"allow":["GET"]}}],"collection":[{"href":"https:\/\/elinformante.mx\/index.php?rest_route=\/wp\/v2\/posts"}],"about":[{"href":"https:\/\/elinformante.mx\/index.php?rest_route=\/wp\/v2\/types\/post"}],"author":[{"embeddable":true,"href":"https:\/\/elinformante.mx\/index.php?rest_route=\/wp\/v2\/users\/1"}],"replies":[{"embeddable":true,"href":"https:\/\/elinformante.mx\/index.php?rest_route=%2Fwp%2Fv2%2Fcomments&post=70645"}],"version-history":[{"count":0,"href":"https:\/\/elinformante.mx\/index.php?rest_route=\/wp\/v2\/posts\/70645\/revisions"}],"wp:featuredmedia":[{"embeddable":true,"href":"https:\/\/elinformante.mx\/index.php?rest_route=\/wp\/v2\/media\/70646"}],"wp:attachment":[{"href":"https:\/\/elinformante.mx\/index.php?rest_route=%2Fwp%2Fv2%2Fmedia&parent=70645"}],"wp:term":[{"taxonomy":"category","embeddable":true,"href":"https:\/\/elinformante.mx\/index.php?rest_route=%2Fwp%2Fv2%2Fcategories&post=70645"},{"taxonomy":"post_tag","embeddable":true,"href":"https:\/\/elinformante.mx\/index.php?rest_route=%2Fwp%2Fv2%2Ftags&post=70645"}],"curies":[{"name":"wp","href":"https:\/\/api.w.org\/{rel}","templated":true}]}}