{"id":70655,"date":"2024-12-05T06:07:40","date_gmt":"2024-12-05T12:07:40","guid":{"rendered":"https:\/\/elinformante.mx\/?p=70655"},"modified":"2024-12-05T06:07:41","modified_gmt":"2024-12-05T12:07:41","slug":"semov-arranca-certificacion-para-motociclistas-en-edomex","status":"publish","type":"post","link":"https:\/\/elinformante.mx\/?p=70655","title":{"rendered":"Semov arranca certificaci\u00f3n para motociclistas en Edom\u00e9x"},"content":{"rendered":"\n<figure class=\"wp-block-pullquote\"><blockquote><p>Comienza Secretar\u00eda de Movilidad el proceso de evaluaci\u00f3n y certificaci\u00f3n a trav\u00e9s de cuatro m\u00f3dulos previamente acreditados por CONOCER.<\/p><\/blockquote><\/figure>\n\n\n\n<p class=\"has-drop-cap\">La Secretar\u00eda de Movilidad del Estado de M\u00e9xico (Semov) inform\u00f3 que, a partir del martes 7 de enero de 2025, inicia el proceso de certificaci\u00f3n para conductores de motocicleta, documento que ser\u00e1 necesario para tramitar la licencia de manejo correspondiente en la entidad.<br><\/p>\n\n\n\n<p>Lo anterior con el fin de disminuir la p\u00e9rdida de vidas humanas, reducir el \u00edndice de hechos de tr\u00e1nsito y mejorar la seguridad vial de las y los mexiquenses, anunci\u00f3 Daniel Sibaja Gonz\u00e1lez, Secretario de Movilidad, durante el \u201cForo Seguridad Vial Estado de M\u00e9xico 2024: mejores pr\u00e1cticas en el motociclismo\u201d.<br><\/p>\n\n\n\n<p>En el Centro Universitario Valle de M\u00e9xico, de la Universidad Aut\u00f3noma del Estado de M\u00e9xico (UAEMEX), mencion\u00f3 que la certificaci\u00f3n se podr\u00e1 realizar en cuatro m\u00f3dulos independientes de la Semov, y que fueron acreditados por el Consejo Nacional de Normalizaci\u00f3n y Certificaci\u00f3n de Competencias Laborales (CONOCER), bajo el est\u00e1ndar de competencia EC1631 Conducci\u00f3n de Motocicleta.<br><\/p>\n\n\n\n<p>Detall\u00f3 que se instalar\u00e1 tres m\u00f3dulos en el Valle de M\u00e9xico y, uno m\u00e1s, en el Valle de Toluca, en las siguientes direcciones:<br><\/p>\n\n\n\n<p>-Estacionamiento de Plaza Millenium, Avenida Radial Toltecas esquina Avenida Hidalgo, Tlalnepantla.<br><\/p>\n\n\n\n<p>-Estacionamiento del Centro Comercial Las Am\u00e9ricas, Avenida Central S\/N dentro del Fraccionamiento Las Am\u00e9ricas, Ecatepec.<br><\/p>\n\n\n\n<p>-Estacionamiento de Ciudad Jard\u00edn, Avenida Bordo de Xochiaca #3, colonia Romero Ampliaci\u00f3n, Nezahualc\u00f3yotl.<br><\/p>\n\n\n\n<p>-Estacionamiento del Centro Comercial Galer\u00edas Metepec, Boulevard Toluca-Metepec #126, colonia La Pur\u00edsima, Metepec.<br><\/p>\n\n\n\n<p>Coment\u00f3 que, para tramitar el certificado, las personas interesadas deber\u00e1n concertar una cita para cualquier de estos cuatro m\u00f3dulos a trav\u00e9s del sitio web: https:\/\/smovilidad.edomex.gob.mx\/; el costo ser\u00e1 de 460 pesos y es independiente al pago que se debe realizar para tramitar la licencia de motociclista.<br><\/p>\n\n\n\n<p>A su vez, Candi Ashanti Dom\u00ednguez Manjarrez, Vocal Ejecutiva del Instituto del Transporte del Estado de M\u00e9xico (ITEM), indic\u00f3 que los solicitantes deber\u00e1n aprobar el examen te\u00f3rico-pr\u00e1ctico que incluye la revisi\u00f3n del equipo de protecci\u00f3n y la habilidad para operar este tipo de veh\u00edculos; una vez con el certificado podr\u00e1n acudir a cualquiera de los m\u00f3dulos fijos y unidades m\u00f3viles de servicio particular para tramitar la licencia de motociclista.<br><\/p>\n\n\n\n<p>Alejandro Palacios Estrada, Director del Registro de Licencias y Operadores de la Semov, coment\u00f3 que los precios vigentes de la licencia para motociclista tipo \u201cC\u201d var\u00edan de acuerdo con su vigencia: para un a\u00f1o, el costo es de 678 pesos; para dos, 909; para tres, mil 214 y para cuatro a\u00f1os, mil 615 pesos.<br><\/p>\n\n\n\n<p>Consider\u00f3 necesario tomar en cuenta que estos pueden variar en funci\u00f3n de las tarifas oficiales correspondientes al ejercicio fiscal 2025, que son dadas a conocer en el C\u00f3digo Financiero del Estado de M\u00e9xico, con debida oportunidad.<\/p>\n","protected":false},"excerpt":{"rendered":"<p>Comienza Secretar\u00eda de Movilidad el proceso de evaluaci\u00f3n y certificaci\u00f3n a trav\u00e9s de cuatro m\u00f3dulos previamente acreditados por CONOCER. La Secretar\u00eda de Movilidad del Estado de M\u00e9xico (Semov) inform\u00f3 que, a partir del martes 7 de enero de 2025, inicia el proceso de certificaci\u00f3n para conductores de motocicleta, documento que ser\u00e1 necesario para tramitar la [&hellip;]<\/p>\n","protected":false},"author":1,"featured_media":70656,"comment_status":"closed","ping_status":"closed","sticky":false,"template":"","format":"standard","meta":{"footnotes":""},"categories":[36],"tags":[],"class_list":["post-70655","post","type-post","status-publish","format-standard","has-post-thumbnail","hentry","category-edomex"],"_links":{"self":[{"href":"https:\/\/elinformante.mx\/index.php?rest_route=\/wp\/v2\/posts\/70655","targetHints":{"allow":["GET"]}}],"collection":[{"href":"https:\/\/elinformante.mx\/index.php?rest_route=\/wp\/v2\/posts"}],"about":[{"href":"https:\/\/elinformante.mx\/index.php?rest_route=\/wp\/v2\/types\/post"}],"author":[{"embeddable":true,"href":"https:\/\/elinformante.mx\/index.php?rest_route=\/wp\/v2\/users\/1"}],"replies":[{"embeddable":true,"href":"https:\/\/elinformante.mx\/index.php?rest_route=%2Fwp%2Fv2%2Fcomments&post=70655"}],"version-history":[{"count":0,"href":"https:\/\/elinformante.mx\/index.php?rest_route=\/wp\/v2\/posts\/70655\/revisions"}],"wp:featuredmedia":[{"embeddable":true,"href":"https:\/\/elinformante.mx\/index.php?rest_route=\/wp\/v2\/media\/70656"}],"wp:attachment":[{"href":"https:\/\/elinformante.mx\/index.php?rest_route=%2Fwp%2Fv2%2Fmedia&parent=70655"}],"wp:term":[{"taxonomy":"category","embeddable":true,"href":"https:\/\/elinformante.mx\/index.php?rest_route=%2Fwp%2Fv2%2Fcategories&post=70655"},{"taxonomy":"post_tag","embeddable":true,"href":"https:\/\/elinformante.mx\/index.php?rest_route=%2Fwp%2Fv2%2Ftags&post=70655"}],"curies":[{"name":"wp","href":"https:\/\/api.w.org\/{rel}","templated":true}]}}