{"id":70665,"date":"2024-12-05T06:16:34","date_gmt":"2024-12-05T12:16:34","guid":{"rendered":"https:\/\/elinformante.mx\/?p=70665"},"modified":"2024-12-05T06:16:35","modified_gmt":"2024-12-05T12:16:35","slug":"delfina-gomez-lleva-programa-mi-plato-es-tu-plato-a-penal-de-mujeres","status":"publish","type":"post","link":"https:\/\/elinformante.mx\/?p=70665","title":{"rendered":"Delfina G\u00f3mez lleva programa \u201cMi Plato es tu Plato\u201d a penal de mujeres"},"content":{"rendered":"\n<figure class=\"wp-block-pullquote\"><blockquote><p>Participan nueve chefs mexicanos, ubicados entre los mejores 50 del mundo, con clases de cocina para mujeres reclusas en el Penal de Santiaguito para tener una oportunidad emocional, social y de emprendimiento para reconstruir sus vidas.<\/p><\/blockquote><\/figure>\n\n\n\n<p class=\"has-drop-cap\">A trav\u00e9s del programa \u201cMi Plato es tu Plato\u201d, la Gobernadora Delfina G\u00f3mez \u00c1lvarez promueve la reinserci\u00f3n social de las mujeres privadas de la libertad en el penal femenil de Santiaguito, en Almoloya de Ju\u00e1rez; durante un mes, a trav\u00e9s de la video-academia, las mujeres reclusas participar\u00e1n en talleres impartidos por nueve chefs, quienes forman parte de la \u00e9lite mundial de la cocina, como lo reconoce lista The World\u2019s 50 Best Restaurants.<br><\/p>\n\n\n\n<figure class=\"wp-block-image size-large\"><img fetchpriority=\"high\" decoding=\"async\" width=\"1024\" height=\"503\" src=\"https:\/\/elinformante.mx\/wp-content\/uploads\/2024\/12\/8delfina-4-1024x503.jpg\" alt=\"\" class=\"wp-image-70667\" srcset=\"https:\/\/elinformante.mx\/wp-content\/uploads\/2024\/12\/8delfina-4-1024x503.jpg 1024w, https:\/\/elinformante.mx\/wp-content\/uploads\/2024\/12\/8delfina-4-300x147.jpg 300w, https:\/\/elinformante.mx\/wp-content\/uploads\/2024\/12\/8delfina-4-768x377.jpg 768w, https:\/\/elinformante.mx\/wp-content\/uploads\/2024\/12\/8delfina-4.jpg 1140w\" sizes=\"(max-width: 1024px) 100vw, 1024px\" \/><\/figure>\n\n\n\n<p>Los chefs invitados son Enrique Olvera, del restaurante Pujol; Elena Reygadas, de Rosetta; Jorge Vallejo, de Quintonil; Edgar N\u00fa\u00f1ez, de Sud 777; Gerardo V\u00e1zquez Lugo, de Nicos; Lalo Garc\u00eda, de M\u00e1ximo Bistrot; Pablo Salas, de Amaranta; Gabriela Ruiz, de Carmela y Sal; y Zahie T\u00e9llez, de Celebrity Chef.<br><\/p>\n\n\n\n<p>\u201cEl programa Mi Plato es tu Plato es un testimonio de la importancia de construir oportunidades y transformar caminos de las personas privadas de la libertad a trav\u00e9s de la reinserci\u00f3n social efectiva. Con El Poder de Servir trabajamos para que todas y todos tengamos las mismas oportunidades, se respeten sus Derechos Humanos y disfruten de una vida digna y justicia social\u201d, asegur\u00f3 la Gobernadora Delfina G\u00f3mez \u00c1lvarez.<br><\/p>\n\n\n\n<figure class=\"wp-block-image size-large\"><img decoding=\"async\" width=\"1024\" height=\"503\" src=\"https:\/\/elinformante.mx\/wp-content\/uploads\/2024\/12\/8delfina-3-1024x503.jpg\" alt=\"\" class=\"wp-image-70668\" srcset=\"https:\/\/elinformante.mx\/wp-content\/uploads\/2024\/12\/8delfina-3-1024x503.jpg 1024w, https:\/\/elinformante.mx\/wp-content\/uploads\/2024\/12\/8delfina-3-300x147.jpg 300w, https:\/\/elinformante.mx\/wp-content\/uploads\/2024\/12\/8delfina-3-768x377.jpg 768w, https:\/\/elinformante.mx\/wp-content\/uploads\/2024\/12\/8delfina-3.jpg 1140w\" sizes=\"(max-width: 1024px) 100vw, 1024px\" \/><\/figure>\n\n\n\n<p>Este programa se enfoca en desarrollar las habilidades t\u00e9cnicas y ofrecer herramientas emocionales y sociales para que estas mujeres puedan reconstruir sus vidas tras cumplir sus penas. La Gobernadora mexiquense les explic\u00f3 que este programa es una oportunidad para mirar hacia adelante y transformar su vida.<br><\/p>\n\n\n\n<p>\u201cM\u00e1s all\u00e1 de estos muros las oportunidades se abren y se consolidan para el bienestar y prosperidad de cada una de ustedes y de sus familias; felicidades por su determinaci\u00f3n, las esperamos con los brazos abiertos, s\u00e9 que afuera vamos a poder hacer grandes cosas\u201d, refiri\u00f3 la Gobernadora Delfina G\u00f3mez \u00c1lvarez.<br><\/p>\n\n\n\n<figure class=\"wp-block-image size-large\"><img decoding=\"async\" width=\"1024\" height=\"503\" src=\"https:\/\/elinformante.mx\/wp-content\/uploads\/2024\/12\/8delfina-2-1024x503.jpg\" alt=\"\" class=\"wp-image-70669\" srcset=\"https:\/\/elinformante.mx\/wp-content\/uploads\/2024\/12\/8delfina-2-1024x503.jpg 1024w, https:\/\/elinformante.mx\/wp-content\/uploads\/2024\/12\/8delfina-2-300x147.jpg 300w, https:\/\/elinformante.mx\/wp-content\/uploads\/2024\/12\/8delfina-2-768x377.jpg 768w, https:\/\/elinformante.mx\/wp-content\/uploads\/2024\/12\/8delfina-2.jpg 1140w\" sizes=\"(max-width: 1024px) 100vw, 1024px\" \/><\/figure>\n\n\n\n<p>Esta iniciativa, \u00fanica en el pa\u00eds, est\u00e1 a cargo de la Secretar\u00eda de Seguridad del Estado de M\u00e9xico (SSEM) en coordinaci\u00f3n con la Fundaci\u00f3n Plan B y los nueve chefs de talla internacional, quienes compartir\u00e1n sus conocimientos culinarios con las reclusas.<br><\/p>\n\n\n\n<p>La Maestra Delfina G\u00f3mez \u00c1lvarez reconoci\u00f3 a la SSEM por las mejoras al sistema penitenciario; agradeci\u00f3 a la Fundaci\u00f3n Plan B y a los Chefs por su compromiso con las mujeres privadas de la libertad, dando muestra de solidaridad y esperanza.<\/p>\n","protected":false},"excerpt":{"rendered":"<p>Participan nueve chefs mexicanos, ubicados entre los mejores 50 del mundo, con clases de cocina para mujeres reclusas en el Penal de Santiaguito para tener una oportunidad emocional, social y de emprendimiento para reconstruir sus vidas. A trav\u00e9s del programa \u201cMi Plato es tu Plato\u201d, la Gobernadora Delfina G\u00f3mez \u00c1lvarez promueve la reinserci\u00f3n social de [&hellip;]<\/p>\n","protected":false},"author":1,"featured_media":70666,"comment_status":"closed","ping_status":"closed","sticky":false,"template":"","format":"standard","meta":{"footnotes":""},"categories":[30,36,31],"tags":[46],"class_list":["post-70665","post","type-post","status-publish","format-standard","has-post-thumbnail","hentry","category-destacado","category-edomex","category-portada","tag-portadaedomex"],"_links":{"self":[{"href":"https:\/\/elinformante.mx\/index.php?rest_route=\/wp\/v2\/posts\/70665","targetHints":{"allow":["GET"]}}],"collection":[{"href":"https:\/\/elinformante.mx\/index.php?rest_route=\/wp\/v2\/posts"}],"about":[{"href":"https:\/\/elinformante.mx\/index.php?rest_route=\/wp\/v2\/types\/post"}],"author":[{"embeddable":true,"href":"https:\/\/elinformante.mx\/index.php?rest_route=\/wp\/v2\/users\/1"}],"replies":[{"embeddable":true,"href":"https:\/\/elinformante.mx\/index.php?rest_route=%2Fwp%2Fv2%2Fcomments&post=70665"}],"version-history":[{"count":0,"href":"https:\/\/elinformante.mx\/index.php?rest_route=\/wp\/v2\/posts\/70665\/revisions"}],"wp:featuredmedia":[{"embeddable":true,"href":"https:\/\/elinformante.mx\/index.php?rest_route=\/wp\/v2\/media\/70666"}],"wp:attachment":[{"href":"https:\/\/elinformante.mx\/index.php?rest_route=%2Fwp%2Fv2%2Fmedia&parent=70665"}],"wp:term":[{"taxonomy":"category","embeddable":true,"href":"https:\/\/elinformante.mx\/index.php?rest_route=%2Fwp%2Fv2%2Fcategories&post=70665"},{"taxonomy":"post_tag","embeddable":true,"href":"https:\/\/elinformante.mx\/index.php?rest_route=%2Fwp%2Fv2%2Ftags&post=70665"}],"curies":[{"name":"wp","href":"https:\/\/api.w.org\/{rel}","templated":true}]}}