{"id":70681,"date":"2024-12-05T06:26:36","date_gmt":"2024-12-05T12:26:36","guid":{"rendered":"https:\/\/elinformante.mx\/?p=70681"},"modified":"2024-12-05T06:26:39","modified_gmt":"2024-12-05T12:26:39","slug":"buscamos-una-cdmx-que-impulse-el-desarrollo-de-las-mujeres-clara-brugada","status":"publish","type":"post","link":"https:\/\/elinformante.mx\/?p=70681","title":{"rendered":"Buscamos una CDMX que impulse el desarrollo de las mujeres: Clara Brugada"},"content":{"rendered":"\n<figure class=\"wp-block-pullquote\"><blockquote><p>La mandataria capitalina dijo que se crear\u00e1 el Programa de Cooperativas de Cuidado, las Cunas Comunitarias y se van a priorizar contratos con cooperativas<\/p><\/blockquote><\/figure>\n\n\n\n<p class=\"has-drop-cap\">La jefa de Gobierno de la Ciudad de M\u00e9xico, Clara Brugada Molina, asegur\u00f3 que durante su administraci\u00f3n se construir\u00e1 una ciudad cooperativista y por ello dio a conocer una serie de propuestas para fortalecer a este sector de la econom\u00eda, con \u00e9nfasis en las tareas de cuidados y en el desarrollo de las mujeres.<br><\/p>\n\n\n\n<p>Al encabezar el Primer Encuentro de Econom\u00eda Solidaria, Cooperativismo y Cuidados de la Ciudad de M\u00e9xico, la mandataria capitalina sostuvo que el objetivo es continuar con la construcci\u00f3n de una econom\u00eda desde abajo, con una conciencia colectiva y no individualista, como suced\u00eda con el neoliberalismo.<br><\/p>\n\n\n\n<p>Para ello, enlist\u00f3 una serie de propuestas a realizar en el actual sexenio, tales como generar una campa\u00f1a que visibilice los valores del cooperativismo; asegurar un presupuesto para las cooperativas; construcci\u00f3n del Programa de Cooperativas del Cuidado; impulso a las Cunas Comunitarias (CUCOS), espacios que dar\u00e1n valor a la tarea de cuidados y que se sumar\u00e1n a los 200 centros de cuidado y desarrollo infantil que va a construir el gobierno capitalino para aumentar la oferta de cuidados de las primeras infancias.<br><\/p>\n\n\n\n<figure class=\"wp-block-image size-large\"><img fetchpriority=\"high\" decoding=\"async\" width=\"1024\" height=\"503\" src=\"https:\/\/elinformante.mx\/wp-content\/uploads\/2024\/12\/5CLARA-4-1024x503.jpeg\" alt=\"\" class=\"wp-image-70683\" srcset=\"https:\/\/elinformante.mx\/wp-content\/uploads\/2024\/12\/5CLARA-4-1024x503.jpeg 1024w, https:\/\/elinformante.mx\/wp-content\/uploads\/2024\/12\/5CLARA-4-300x147.jpeg 300w, https:\/\/elinformante.mx\/wp-content\/uploads\/2024\/12\/5CLARA-4-768x377.jpeg 768w, https:\/\/elinformante.mx\/wp-content\/uploads\/2024\/12\/5CLARA-4.jpeg 1140w\" sizes=\"(max-width: 1024px) 100vw, 1024px\" \/><\/figure>\n\n\n\n<p>Estos espacios, agreg\u00f3, servir\u00e1n para derribar los obst\u00e1culos que enfrentan las mujeres en su desarrollo, debido a que hist\u00f3ricamente han reca\u00eddo en ellas las tareas de cuidados.<br><\/p>\n\n\n\n<p>Clara Brugada tambi\u00e9n adelant\u00f3 que el gobierno local va a priorizar los contratos con cooperativas, para lo cual se apoyar\u00e1 el fortalecimiento y creaci\u00f3n de redes a fin de que tengan capacidad de lograr producciones masivas. Adem\u00e1s, anunci\u00f3 la creaci\u00f3n del Observatorio de Econom\u00eda Solidaria y de Cuidado, as\u00ed como de la Escuelita Solidaria, que estar\u00e1 presente en las Utop\u00edas, Pilares y espacios p\u00fablicos para desarrollar el eje del cooperativismo.<br><\/p>\n\n\n\n<p>Record\u00f3 que en M\u00e9xico la derrama econ\u00f3mica de las cooperativas es de 354 mil millones de pesos al a\u00f1o, mientras que las empresas de econom\u00eda social generan m\u00e1s de 1.7 millones de empleos, y en la Ciudad de M\u00e9xico 1.5 por ciento de la poblaci\u00f3n ocupada trabaja en cooperativas.<\/p>\n","protected":false},"excerpt":{"rendered":"<p>La mandataria capitalina dijo que se crear\u00e1 el Programa de Cooperativas de Cuidado, las Cunas Comunitarias y se van a priorizar contratos con cooperativas La jefa de Gobierno de la Ciudad de M\u00e9xico, Clara Brugada Molina, asegur\u00f3 que durante su administraci\u00f3n se construir\u00e1 una ciudad cooperativista y por ello dio a conocer una serie de [&hellip;]<\/p>\n","protected":false},"author":1,"featured_media":70682,"comment_status":"closed","ping_status":"closed","sticky":false,"template":"","format":"standard","meta":{"footnotes":""},"categories":[35,30],"tags":[],"class_list":["post-70681","post","type-post","status-publish","format-standard","has-post-thumbnail","hentry","category-cdmx","category-destacado"],"_links":{"self":[{"href":"https:\/\/elinformante.mx\/index.php?rest_route=\/wp\/v2\/posts\/70681","targetHints":{"allow":["GET"]}}],"collection":[{"href":"https:\/\/elinformante.mx\/index.php?rest_route=\/wp\/v2\/posts"}],"about":[{"href":"https:\/\/elinformante.mx\/index.php?rest_route=\/wp\/v2\/types\/post"}],"author":[{"embeddable":true,"href":"https:\/\/elinformante.mx\/index.php?rest_route=\/wp\/v2\/users\/1"}],"replies":[{"embeddable":true,"href":"https:\/\/elinformante.mx\/index.php?rest_route=%2Fwp%2Fv2%2Fcomments&post=70681"}],"version-history":[{"count":0,"href":"https:\/\/elinformante.mx\/index.php?rest_route=\/wp\/v2\/posts\/70681\/revisions"}],"wp:featuredmedia":[{"embeddable":true,"href":"https:\/\/elinformante.mx\/index.php?rest_route=\/wp\/v2\/media\/70682"}],"wp:attachment":[{"href":"https:\/\/elinformante.mx\/index.php?rest_route=%2Fwp%2Fv2%2Fmedia&parent=70681"}],"wp:term":[{"taxonomy":"category","embeddable":true,"href":"https:\/\/elinformante.mx\/index.php?rest_route=%2Fwp%2Fv2%2Fcategories&post=70681"},{"taxonomy":"post_tag","embeddable":true,"href":"https:\/\/elinformante.mx\/index.php?rest_route=%2Fwp%2Fv2%2Ftags&post=70681"}],"curies":[{"name":"wp","href":"https:\/\/api.w.org\/{rel}","templated":true}]}}