{"id":70685,"date":"2024-12-05T06:31:21","date_gmt":"2024-12-05T12:31:21","guid":{"rendered":"https:\/\/elinformante.mx\/?p=70685"},"modified":"2024-12-05T06:31:23","modified_gmt":"2024-12-05T12:31:23","slug":"carreteras-a-cargo-de-la-gn-para-evitar-robo-a-transportistas","status":"publish","type":"post","link":"https:\/\/elinformante.mx\/?p=70685","title":{"rendered":"Carreteras a cargo de la GN para evitar robo a transportistas"},"content":{"rendered":"\n<figure class=\"wp-block-pullquote\"><blockquote><p>Ser\u00e1 mediante el programa Balam, implementado para atender la inseguridad en las v\u00edas de transporte federales.<\/p><\/blockquote><\/figure>\n\n\n\n<p class=\"has-drop-cap\">La Guardia Nacional (GN) estar\u00e1 a cargo de la seguridad en carreteras mediante la estrategia para la atenci\u00f3n del robo a transportistas denominada Balam.<br><\/p>\n\n\n\n<p>Lo anterior se lo dio a conocer la presidenta Claudia Sheinbaum y el general Hern\u00e1n Cort\u00e9s Hern\u00e1ndez, comandante de la GN.<br><\/p>\n\n\n\n<p>El objetivo principal del programa es contener y reducir el robo al transporte de carga y se integra por el despliegue permanente de mil 241 efectivos; 465 carros radiopatrullas; 556 tel\u00e9fonos con la aplicaci\u00f3n GN-Carreteras, 37 drones; una aeronave tripulada a distancia; dos helic\u00f3pteros; y 23 c\u00e9lulas de investigaci\u00f3n.<br><\/p>\n\n\n\n<p>Adicional a esto, se detall\u00f3 la existencia de una l\u00ednea de atenci\u00f3n para organizaciones transportistas, que permitir\u00e1n la atenci\u00f3n a transportistas, quienes adicionalmente podr\u00e1n hacer uso de una aplicaci\u00f3n para alertar a los cuerpos de emergencia, en tiempo real, en caso de necesitarlos.<br><\/p>\n\n\n\n<p>De acuerdo con la informaci\u00f3n difundida, Balam se ejecuta en las 12 entidades federativas con mayor incidencia de robo al autotransporte.<br><\/p>\n\n\n\n<figure class=\"wp-block-image size-large\"><img fetchpriority=\"high\" decoding=\"async\" width=\"1024\" height=\"503\" src=\"https:\/\/elinformante.mx\/wp-content\/uploads\/2024\/12\/3carreteras-2-1024x503.jpg\" alt=\"\" class=\"wp-image-70687\" srcset=\"https:\/\/elinformante.mx\/wp-content\/uploads\/2024\/12\/3carreteras-2-1024x503.jpg 1024w, https:\/\/elinformante.mx\/wp-content\/uploads\/2024\/12\/3carreteras-2-300x147.jpg 300w, https:\/\/elinformante.mx\/wp-content\/uploads\/2024\/12\/3carreteras-2-768x377.jpg 768w, https:\/\/elinformante.mx\/wp-content\/uploads\/2024\/12\/3carreteras-2.jpg 1140w\" sizes=\"(max-width: 1024px) 100vw, 1024px\" \/><\/figure>\n\n\n\n<p>Estas son: Michoac\u00e1n, San Luis Potos\u00ed, Jalisco, Morelos, Nuevo Le\u00f3n, Guanajuato, Quer\u00e9taro, Estado de M\u00e9xico, Hidalgo, Tlaxcala, Puebla y Veracruz<br><\/p>\n\n\n\n<p>Se detall\u00f3 que los transportistas que est\u00e9n ante una amenaza pueden contactarse con las autoridades a trav\u00e9s de la aplicaci\u00f3n GN-Carreteras para solicitar apoyo y ser auxiliados por el personal de la Guardia Nacional m\u00e1s cercano.<br><\/p>\n\n\n\n<p>\u201cNosotros identificamos en 12 estados cerca de 30 tramos que son en donde con mayor frecuencia se presenta el robo de transporte, la ruta que va de Veracruz a Puebla y de Puebla hacia M\u00e9xico es una de las que presenta mayor incidencia.<br><\/p>\n\n\n\n<p>\u201cEso esos tramos precisamente se est\u00e1 implementando una estrategia que consta de diferentes procesos, uno de ellos es asegurar un despliegue r\u00e1pido, efectivo, para responder a un incidente\u201d, mencion\u00f3 Cort\u00e9s Hern\u00e1ndez.<br><\/p>\n\n\n\n<p>A\u00f1adi\u00f3 que los dos ejes de esta acci\u00f3n son evitar que se culmine el robo al transporte de carga y, en caso de que se presente el delito, recuperar lo robado.<\/p>\n","protected":false},"excerpt":{"rendered":"<p>Ser\u00e1 mediante el programa Balam, implementado para atender la inseguridad en las v\u00edas de transporte federales. La Guardia Nacional (GN) estar\u00e1 a cargo de la seguridad en carreteras mediante la estrategia para la atenci\u00f3n del robo a transportistas denominada Balam. Lo anterior se lo dio a conocer la presidenta Claudia Sheinbaum y el general Hern\u00e1n [&hellip;]<\/p>\n","protected":false},"author":1,"featured_media":70686,"comment_status":"closed","ping_status":"closed","sticky":false,"template":"","format":"standard","meta":{"footnotes":""},"categories":[34],"tags":[],"class_list":["post-70685","post","type-post","status-publish","format-standard","has-post-thumbnail","hentry","category-nacional"],"_links":{"self":[{"href":"https:\/\/elinformante.mx\/index.php?rest_route=\/wp\/v2\/posts\/70685","targetHints":{"allow":["GET"]}}],"collection":[{"href":"https:\/\/elinformante.mx\/index.php?rest_route=\/wp\/v2\/posts"}],"about":[{"href":"https:\/\/elinformante.mx\/index.php?rest_route=\/wp\/v2\/types\/post"}],"author":[{"embeddable":true,"href":"https:\/\/elinformante.mx\/index.php?rest_route=\/wp\/v2\/users\/1"}],"replies":[{"embeddable":true,"href":"https:\/\/elinformante.mx\/index.php?rest_route=%2Fwp%2Fv2%2Fcomments&post=70685"}],"version-history":[{"count":0,"href":"https:\/\/elinformante.mx\/index.php?rest_route=\/wp\/v2\/posts\/70685\/revisions"}],"wp:featuredmedia":[{"embeddable":true,"href":"https:\/\/elinformante.mx\/index.php?rest_route=\/wp\/v2\/media\/70686"}],"wp:attachment":[{"href":"https:\/\/elinformante.mx\/index.php?rest_route=%2Fwp%2Fv2%2Fmedia&parent=70685"}],"wp:term":[{"taxonomy":"category","embeddable":true,"href":"https:\/\/elinformante.mx\/index.php?rest_route=%2Fwp%2Fv2%2Fcategories&post=70685"},{"taxonomy":"post_tag","embeddable":true,"href":"https:\/\/elinformante.mx\/index.php?rest_route=%2Fwp%2Fv2%2Ftags&post=70685"}],"curies":[{"name":"wp","href":"https:\/\/api.w.org\/{rel}","templated":true}]}}