{"id":70689,"date":"2024-12-05T06:33:01","date_gmt":"2024-12-05T12:33:01","guid":{"rendered":"https:\/\/elinformante.mx\/?p=70689"},"modified":"2024-12-05T06:33:03","modified_gmt":"2024-12-05T12:33:03","slug":"si-no-fuera-por-trabajadores-mexicanos-estados-unidos-no-comeria-sheinbaum","status":"publish","type":"post","link":"https:\/\/elinformante.mx\/?p=70689","title":{"rendered":"\u201cSi no fuera por trabajadores mexicanos, Estados Unidos no comer\u00eda\u201d: Sheinbaum"},"content":{"rendered":"\n<figure class=\"wp-block-pullquote\"><blockquote><p>La presidenta reiter\u00f3 que conf\u00eda en el di\u00e1logo con el republicano y en breve dar\u00e1n a conocer los trabajos de fortalecimiento de consulados<\/p><\/blockquote><\/figure>\n\n\n\n<p class=\"has-drop-cap\">La presidenta Claudia Sheinbaum destac\u00f3 nuevamente en su conferencia ma\u00f1anera la importancia de las aportaciones de la comunidad migrante a la econom\u00eda y sociedad de los Estados Unidos ante las amenazas del presidente electo, Donald Trump, de realizar una deportaci\u00f3n masiva.<br><\/p>\n\n\n\n<p>Sheinbaum reiter\u00f3 que siempre vamos a defender que las y los mexicanos contribuyen a la econom\u00eda de Estados Unidos, igual que contribuyen a la econom\u00eda de M\u00e9xico.<br><\/p>\n\n\n\n<p>No comer\u00eda Estados Unidos si no fuera por los trabajadores del campo mexicanos.<br><\/p>\n\n\n\n<p>Con esto reiter\u00f3 que ella conf\u00eda en el di\u00e1logo con el republicano y manifest\u00f3 que el secretario de Relaciones Exteriores, Juan Ram\u00f3n de la Fuente, dar\u00e1 a conocer en breve los trabajos de fortalecimiento de consulados para disminuir tr\u00e1mites, digitalizaci\u00f3n y atenci\u00f3n m\u00e1s directa.<br><\/p>\n\n\n\n<p>Sheinbaum reiter\u00f3 que \u201cno va a haber una invasi\u00f3n\u201d del Ej\u00e9rcito estadounidense para combatir a los c\u00e1rteles mexicanos pese a los planes de Trump.<br><\/p>\n\n\n\n<p>\u201cNo va a ocurrir, va a haber buena relaci\u00f3n con el presidente Trump, en la \u00faltima llamada que tuvimos (el mi\u00e9rcoles pasado) hablamos de la colaboraci\u00f3n con respeto a nuestras soberan\u00edas, y \u00e9l estuvo de acuerdo, me pregunt\u00f3 que en qu\u00e9 se pod\u00eda colaborar y le dije que ya habr\u00eda tiempo para trabajar en varios temas\u201c, cont\u00f3.<\/p>\n","protected":false},"excerpt":{"rendered":"<p>La presidenta reiter\u00f3 que conf\u00eda en el di\u00e1logo con el republicano y en breve dar\u00e1n a conocer los trabajos de fortalecimiento de consulados La presidenta Claudia Sheinbaum destac\u00f3 nuevamente en su conferencia ma\u00f1anera la importancia de las aportaciones de la comunidad migrante a la econom\u00eda y sociedad de los Estados Unidos ante las amenazas del [&hellip;]<\/p>\n","protected":false},"author":1,"featured_media":70690,"comment_status":"closed","ping_status":"closed","sticky":false,"template":"","format":"standard","meta":{"footnotes":""},"categories":[30,34],"tags":[],"class_list":["post-70689","post","type-post","status-publish","format-standard","has-post-thumbnail","hentry","category-destacado","category-nacional"],"_links":{"self":[{"href":"https:\/\/elinformante.mx\/index.php?rest_route=\/wp\/v2\/posts\/70689","targetHints":{"allow":["GET"]}}],"collection":[{"href":"https:\/\/elinformante.mx\/index.php?rest_route=\/wp\/v2\/posts"}],"about":[{"href":"https:\/\/elinformante.mx\/index.php?rest_route=\/wp\/v2\/types\/post"}],"author":[{"embeddable":true,"href":"https:\/\/elinformante.mx\/index.php?rest_route=\/wp\/v2\/users\/1"}],"replies":[{"embeddable":true,"href":"https:\/\/elinformante.mx\/index.php?rest_route=%2Fwp%2Fv2%2Fcomments&post=70689"}],"version-history":[{"count":0,"href":"https:\/\/elinformante.mx\/index.php?rest_route=\/wp\/v2\/posts\/70689\/revisions"}],"wp:featuredmedia":[{"embeddable":true,"href":"https:\/\/elinformante.mx\/index.php?rest_route=\/wp\/v2\/media\/70690"}],"wp:attachment":[{"href":"https:\/\/elinformante.mx\/index.php?rest_route=%2Fwp%2Fv2%2Fmedia&parent=70689"}],"wp:term":[{"taxonomy":"category","embeddable":true,"href":"https:\/\/elinformante.mx\/index.php?rest_route=%2Fwp%2Fv2%2Fcategories&post=70689"},{"taxonomy":"post_tag","embeddable":true,"href":"https:\/\/elinformante.mx\/index.php?rest_route=%2Fwp%2Fv2%2Ftags&post=70689"}],"curies":[{"name":"wp","href":"https:\/\/api.w.org\/{rel}","templated":true}]}}