{"id":70705,"date":"2024-12-05T06:51:28","date_gmt":"2024-12-05T12:51:28","guid":{"rendered":"https:\/\/elinformante.mx\/?p=70705"},"modified":"2024-12-05T06:51:29","modified_gmt":"2024-12-05T12:51:29","slug":"ejecutan-en-cdmx-a-quien-habria-participado-en-atentado-a-harfuch","status":"publish","type":"post","link":"https:\/\/elinformante.mx\/?p=70705","title":{"rendered":"EJECUTAN EN CDMX A QUIEN HABR\u00cdA PARTICIPADO EN ATENTADO A HARFUCH"},"content":{"rendered":"\n<figure class=\"wp-block-pullquote\"><blockquote><p>\u00b4Chucho P\u00e9rez\u00b4, exm\u00e1nager de Gerardo Ort\u00edz, fue ejecutado en un ataque directo en Plaza Miyana; autoridades investigan posibles v\u00ednculos con el crimen organizado.<\/p><\/blockquote><\/figure>\n\n\n\n<p class=\"has-drop-cap\">El mi\u00e9rcoles 4 de diciembre se registr\u00f3 una balacera en el centro comercial Miyana, en Polanco de la CDMX, del cual se presume se trat\u00f3 de un ataque directo que cobr\u00f3 la vida de Jes\u00fas P\u00e9rez Alvear, conocido en el mundo del espect\u00e1culo como \u00b4Chucho P\u00e9rez\u00b4 y exm\u00e1nager del cantante Gerardo Ort\u00edz. El ataque, ejecutado en el restaurante \u2018El Baj\u00edo\u2019, apunta a un homicidio premeditado con conexiones al crimen organizado, seg\u00fan reportes preliminares.<br><\/p>\n\n\n\n<figure class=\"wp-block-image size-large\"><img fetchpriority=\"high\" decoding=\"async\" width=\"1024\" height=\"503\" src=\"https:\/\/elinformante.mx\/wp-content\/uploads\/2024\/12\/9ejecutan-2-1024x503.jpg\" alt=\"\" class=\"wp-image-70707\" srcset=\"https:\/\/elinformante.mx\/wp-content\/uploads\/2024\/12\/9ejecutan-2-1024x503.jpg 1024w, https:\/\/elinformante.mx\/wp-content\/uploads\/2024\/12\/9ejecutan-2-300x147.jpg 300w, https:\/\/elinformante.mx\/wp-content\/uploads\/2024\/12\/9ejecutan-2-768x377.jpg 768w, https:\/\/elinformante.mx\/wp-content\/uploads\/2024\/12\/9ejecutan-2.jpg 1140w\" sizes=\"(max-width: 1024px) 100vw, 1024px\" \/><\/figure>\n\n\n\n<p>Dos hombres con cascos de motociclista ingresaron a un restaurante de la plaza comercial Miyana, ubicada en la colonia Polanco de la alcald\u00eda Miguel Hidalgo, y detonaron armas de fuego directamente contra un hombre que muri\u00f3 a causa de los disparos.<br><\/p>\n\n\n\n<p>El ataque dej\u00f3 a la v\u00edctima gravemente herida; aunque recibi\u00f3 atenci\u00f3n m\u00e9dica inmediata, perdi\u00f3 la vida en el lugar. Dos acompa\u00f1antes huyeron tras la agresi\u00f3n, mientras que otras personas presentes en el sitio sufrieron crisis nerviosa.<br><\/p>\n\n\n\n<figure class=\"wp-block-image size-large\"><img decoding=\"async\" width=\"1024\" height=\"503\" src=\"https:\/\/elinformante.mx\/wp-content\/uploads\/2024\/12\/9ejecutan-3-1024x503.jpg\" alt=\"\" class=\"wp-image-70708\" srcset=\"https:\/\/elinformante.mx\/wp-content\/uploads\/2024\/12\/9ejecutan-3-1024x503.jpg 1024w, https:\/\/elinformante.mx\/wp-content\/uploads\/2024\/12\/9ejecutan-3-300x147.jpg 300w, https:\/\/elinformante.mx\/wp-content\/uploads\/2024\/12\/9ejecutan-3-768x377.jpg 768w, https:\/\/elinformante.mx\/wp-content\/uploads\/2024\/12\/9ejecutan-3.jpg 1140w\" sizes=\"(max-width: 1024px) 100vw, 1024px\" \/><\/figure>\n\n\n\n<p>La Secretar\u00eda de Seguridad Ciudadana (SSC) inform\u00f3 que se encuentran revisando las c\u00e1maras de videovigilancia de la zona para identificar a los responsables, quienes escaparon a bordo de una motocicleta.<br><\/p>\n\n\n\n<p>Al lugar arribaron elementos del Ej\u00e9rcito mexicano para reforzar la seguridad, mientras que param\u00e9dicos atendieron a dos personas afectadas por crisis nerviosa.<br><\/p>\n\n\n\n<figure class=\"wp-block-image size-large\"><img decoding=\"async\" width=\"1024\" height=\"503\" src=\"https:\/\/elinformante.mx\/wp-content\/uploads\/2024\/12\/9ejecutan-6-1024x503.jpg\" alt=\"\" class=\"wp-image-70709\" srcset=\"https:\/\/elinformante.mx\/wp-content\/uploads\/2024\/12\/9ejecutan-6-1024x503.jpg 1024w, https:\/\/elinformante.mx\/wp-content\/uploads\/2024\/12\/9ejecutan-6-300x147.jpg 300w, https:\/\/elinformante.mx\/wp-content\/uploads\/2024\/12\/9ejecutan-6-768x377.jpg 768w, https:\/\/elinformante.mx\/wp-content\/uploads\/2024\/12\/9ejecutan-6.jpg 1140w\" sizes=\"(max-width: 1024px) 100vw, 1024px\" \/><\/figure>\n\n\n\n<p>Jes\u00fas P\u00e9rez Alvear, de aproximadamente 40 a\u00f1os, ten\u00eda una carrera destacada como promotor musical y m\u00e1nager de artistas como Gerardo Ort\u00edz y Juli\u00f3n \u00c1lvarez. Sin embargo, su trayectoria estuvo marcada por m\u00faltiples se\u00f1alamientos de v\u00ednculos con actividades il\u00edcitas.<br><\/p>\n\n\n\n<p>El promotor musical Jes\u00fas P\u00e9rez Alvear, alias \u201cChucho P\u00e9rez\u201d, estuvo bajo la mira de Estados Unidos en 2018 por presuntamente lavar dinero para c\u00e1rteles de la droga, por lo que incluso lo se\u00f1al\u00f3 como \u201cnarcotraficante especialmente designado\u201d.<br><\/p>\n\n\n\n<figure class=\"wp-block-image size-large\"><img loading=\"lazy\" decoding=\"async\" width=\"1024\" height=\"503\" src=\"https:\/\/elinformante.mx\/wp-content\/uploads\/2024\/12\/9ejecutan5-1024x503.jpg\" alt=\"\" class=\"wp-image-70710\" srcset=\"https:\/\/elinformante.mx\/wp-content\/uploads\/2024\/12\/9ejecutan5-1024x503.jpg 1024w, https:\/\/elinformante.mx\/wp-content\/uploads\/2024\/12\/9ejecutan5-300x147.jpg 300w, https:\/\/elinformante.mx\/wp-content\/uploads\/2024\/12\/9ejecutan5-768x377.jpg 768w, https:\/\/elinformante.mx\/wp-content\/uploads\/2024\/12\/9ejecutan5.jpg 1140w\" sizes=\"(max-width: 1024px) 100vw, 1024px\" \/><\/figure>\n\n\n\n<p>El Departamento del Tesoro lo se\u00f1al\u00f3 por su supuesta relaci\u00f3n con el C\u00e1rtel Jalisco Nueva Generaci\u00f3n, as\u00ed como a Gall\u00edstica Diamante, la empresa de P\u00e9rez Alvear, y al \u201cfot\u00f3grafo de moda\u201d Miguel Jos\u00e9 Leone Mart\u00ednez, conocido como \u201cMiguel Leone\u201d, ciudadano dual venezolano-italiano que reside en M\u00e9xico, que en realidad es l\u00edder de la red de prostituci\u00f3n de Los Cuinis a quienes se\u00f1al\u00f3 por lavar dinero del crimen organizado a trav\u00e9s del control de eventos como el Palenque de la Feria de San Marcos de Aguascalientes y la Feria de San Isidro en Metepec, Estado de M\u00e9xico.<br><\/p>\n\n\n\n<p>Asimismo se acus\u00f3 a Jes\u00fas P\u00e9rez Alvear, ex manager de Gerardo Ort\u00edz, de presuntamente estar relacionado con el atentado contra Omar Garc\u00eda Harfuch, secretario de Seguridad y Protecci\u00f3n Ciudadana.<\/p>\n\n\n\n<figure class=\"wp-block-image size-large\"><img loading=\"lazy\" decoding=\"async\" width=\"1024\" height=\"503\" src=\"https:\/\/elinformante.mx\/wp-content\/uploads\/2024\/12\/9ejecutan-4-1024x503.jpg\" alt=\"\" class=\"wp-image-70711\" srcset=\"https:\/\/elinformante.mx\/wp-content\/uploads\/2024\/12\/9ejecutan-4-1024x503.jpg 1024w, https:\/\/elinformante.mx\/wp-content\/uploads\/2024\/12\/9ejecutan-4-300x147.jpg 300w, https:\/\/elinformante.mx\/wp-content\/uploads\/2024\/12\/9ejecutan-4-768x377.jpg 768w, https:\/\/elinformante.mx\/wp-content\/uploads\/2024\/12\/9ejecutan-4.jpg 1140w\" sizes=\"(max-width: 1024px) 100vw, 1024px\" \/><\/figure>\n","protected":false},"excerpt":{"rendered":"<p>\u00b4Chucho P\u00e9rez\u00b4, exm\u00e1nager de Gerardo Ort\u00edz, fue ejecutado en un ataque directo en Plaza Miyana; autoridades investigan posibles v\u00ednculos con el crimen organizado. El mi\u00e9rcoles 4 de diciembre se registr\u00f3 una balacera en el centro comercial Miyana, en Polanco de la CDMX, del cual se presume se trat\u00f3 de un ataque directo que cobr\u00f3 la [&hellip;]<\/p>\n","protected":false},"author":1,"featured_media":70706,"comment_status":"closed","ping_status":"closed","sticky":false,"template":"","format":"standard","meta":{"footnotes":""},"categories":[30,34,31],"tags":[47],"class_list":["post-70705","post","type-post","status-publish","format-standard","has-post-thumbnail","hentry","category-destacado","category-nacional","category-portada","tag-portadanacional"],"_links":{"self":[{"href":"https:\/\/elinformante.mx\/index.php?rest_route=\/wp\/v2\/posts\/70705","targetHints":{"allow":["GET"]}}],"collection":[{"href":"https:\/\/elinformante.mx\/index.php?rest_route=\/wp\/v2\/posts"}],"about":[{"href":"https:\/\/elinformante.mx\/index.php?rest_route=\/wp\/v2\/types\/post"}],"author":[{"embeddable":true,"href":"https:\/\/elinformante.mx\/index.php?rest_route=\/wp\/v2\/users\/1"}],"replies":[{"embeddable":true,"href":"https:\/\/elinformante.mx\/index.php?rest_route=%2Fwp%2Fv2%2Fcomments&post=70705"}],"version-history":[{"count":0,"href":"https:\/\/elinformante.mx\/index.php?rest_route=\/wp\/v2\/posts\/70705\/revisions"}],"wp:featuredmedia":[{"embeddable":true,"href":"https:\/\/elinformante.mx\/index.php?rest_route=\/wp\/v2\/media\/70706"}],"wp:attachment":[{"href":"https:\/\/elinformante.mx\/index.php?rest_route=%2Fwp%2Fv2%2Fmedia&parent=70705"}],"wp:term":[{"taxonomy":"category","embeddable":true,"href":"https:\/\/elinformante.mx\/index.php?rest_route=%2Fwp%2Fv2%2Fcategories&post=70705"},{"taxonomy":"post_tag","embeddable":true,"href":"https:\/\/elinformante.mx\/index.php?rest_route=%2Fwp%2Fv2%2Ftags&post=70705"}],"curies":[{"name":"wp","href":"https:\/\/api.w.org\/{rel}","templated":true}]}}