{"id":70730,"date":"2024-12-06T05:46:49","date_gmt":"2024-12-06T11:46:49","guid":{"rendered":"https:\/\/elinformante.mx\/?p=70730"},"modified":"2024-12-06T05:46:51","modified_gmt":"2024-12-06T11:46:51","slug":"karol-g-inaugura-provenza-su-lujoso-restaurante","status":"publish","type":"post","link":"https:\/\/elinformante.mx\/?p=70730","title":{"rendered":"Karol G inaugura \u201cProvenza\u201d, su lujoso restaurante"},"content":{"rendered":"\n<figure class=\"wp-block-pullquote\"><blockquote><p>La reggaetonera anunci\u00f3 la apertura de su restaurante, acompa\u00f1ado de un bar que promete ser la mejor pista de baile para perrear<\/p><\/blockquote><\/figure>\n\n\n\n<p class=\"has-drop-cap\">En los \u00faltimos a\u00f1os, el g\u00e9nero urbano ha cobrado una fuerza renovada con artistas que est\u00e1n rompiendo las fronteras de lo que se conoc\u00eda; una de las m\u00e1s grandes exponentes que existen actualmente es Karol G, quien adem\u00e1s de conquistar escenarios internacionales con su reggaet\u00f3n, ha decidido llevar su pasi\u00f3n m\u00e1s all\u00e1 de los micr\u00f3fonos para emprender un ambicioso proyecto en el mundo de los restaurantes.<br><\/p>\n\n\n\n<p>Con una carrera consolidada y una base de fans global que sigue cada paso de su trayectoria, Karol G no ha parado de cosechar \u00e9xitos, pues despu\u00e9s de varios a\u00f1os de misterio dio a conocer a trav\u00e9s de su cuenta de Instagram que ha inaugurado tres espacios emblem\u00e1ticos en su ciudad natal, Medell\u00edn. Estos locales, bautizados como \u201cProvenza\u201d, \u201cCarolina\u201d y \u201cEl Callej\u00f3n del Gato\u201d, prometen ser un reflejo de su creatividad, su amor por la cultura y su conexi\u00f3n con el p\u00fablico.<br><\/p>\n\n\n\n<p>Karol G anunci\u00f3 este proyecto a trav\u00e9s de sus redes sociales, con un video promocional que r\u00e1pidamente se volvi\u00f3 viral, en \u00e9l la cantante expres\u00f3 su entusiasmo por la apertura de estos tres espacios que describi\u00f3 como \u201cun homenaje a las delicias y locuras\u201d que ha descubierto durante sus viajes por el mundo. Su declaraci\u00f3n reflej\u00f3 no solo su deseo de diversificar su carrera, sino tambi\u00e9n su compromiso por celebrar la riqueza cultural de Medell\u00edn y compartirla con el mundo.<br><\/p>\n\n\n\n<p>\u201cDespu\u00e9s de tres a\u00f1os, por fin estamos listos\u201d, escribi\u00f3 en su cuenta de Instagram, donde acumula m\u00e1s de 65 millones de seguidores.<br><\/p>\n\n\n\n<p>El mensaje ven\u00eda acompa\u00f1ado de im\u00e1genes vibrantes de los locales, mostrando ambientes que combinan dise\u00f1o contempor\u00e1neo, influencias internacionales y una fuerte identidad local. Cada espacio tiene una personalidad \u00fanica que lo distingue, pero todos comparten una esencia com\u00fan: ser lugares para disfrutar, celebrar y conectar.<br><\/p>\n\n\n\n<p>\u201cProvenza\u201d que es un pub-terraza inspirado en la canci\u00f3n del mismo nombre, un homenaje a los atardeceres y los momentos de conexi\u00f3n con amigos. Situado en una colina con vistas panor\u00e1micas, este espacio promete convertirse en un punto de encuentro ideal para quienes buscan relajarse, disfrutar de c\u00f3cteles \u00fanicos y escuchar m\u00fasica en vivo.<br><\/p>\n\n\n\n<p>El dise\u00f1o de \u201cProvenza\u201d combina elementos naturales, como madera y plantas, con una iluminaci\u00f3n suave que recrea la magia del ocaso. El men\u00fa de bebidas incluye creaciones originales con nombres inspirados en los \u00e9xitos de Karol G, como \u201cTusa Spritz\u201d y \u201cLa Bichota Sour\u201d.<\/p>\n","protected":false},"excerpt":{"rendered":"<p>La reggaetonera anunci\u00f3 la apertura de su restaurante, acompa\u00f1ado de un bar que promete ser la mejor pista de baile para perrear En los \u00faltimos a\u00f1os, el g\u00e9nero urbano ha cobrado una fuerza renovada con artistas que est\u00e1n rompiendo las fronteras de lo que se conoc\u00eda; una de las m\u00e1s grandes exponentes que existen actualmente [&hellip;]<\/p>\n","protected":false},"author":1,"featured_media":70731,"comment_status":"closed","ping_status":"closed","sticky":false,"template":"","format":"standard","meta":{"footnotes":""},"categories":[39],"tags":[],"class_list":["post-70730","post","type-post","status-publish","format-standard","has-post-thumbnail","hentry","category-espectaculos"],"_links":{"self":[{"href":"https:\/\/elinformante.mx\/index.php?rest_route=\/wp\/v2\/posts\/70730","targetHints":{"allow":["GET"]}}],"collection":[{"href":"https:\/\/elinformante.mx\/index.php?rest_route=\/wp\/v2\/posts"}],"about":[{"href":"https:\/\/elinformante.mx\/index.php?rest_route=\/wp\/v2\/types\/post"}],"author":[{"embeddable":true,"href":"https:\/\/elinformante.mx\/index.php?rest_route=\/wp\/v2\/users\/1"}],"replies":[{"embeddable":true,"href":"https:\/\/elinformante.mx\/index.php?rest_route=%2Fwp%2Fv2%2Fcomments&post=70730"}],"version-history":[{"count":0,"href":"https:\/\/elinformante.mx\/index.php?rest_route=\/wp\/v2\/posts\/70730\/revisions"}],"wp:featuredmedia":[{"embeddable":true,"href":"https:\/\/elinformante.mx\/index.php?rest_route=\/wp\/v2\/media\/70731"}],"wp:attachment":[{"href":"https:\/\/elinformante.mx\/index.php?rest_route=%2Fwp%2Fv2%2Fmedia&parent=70730"}],"wp:term":[{"taxonomy":"category","embeddable":true,"href":"https:\/\/elinformante.mx\/index.php?rest_route=%2Fwp%2Fv2%2Fcategories&post=70730"},{"taxonomy":"post_tag","embeddable":true,"href":"https:\/\/elinformante.mx\/index.php?rest_route=%2Fwp%2Fv2%2Ftags&post=70730"}],"curies":[{"name":"wp","href":"https:\/\/api.w.org\/{rel}","templated":true}]}}