{"id":70739,"date":"2024-12-06T05:50:02","date_gmt":"2024-12-06T11:50:02","guid":{"rendered":"https:\/\/elinformante.mx\/?p=70739"},"modified":"2024-12-06T05:50:04","modified_gmt":"2024-12-06T11:50:04","slug":"trevor-lawrence-fuera-de-la-temporada-por-conmocion-cerebral","status":"publish","type":"post","link":"https:\/\/elinformante.mx\/?p=70739","title":{"rendered":"Trevor Lawrence fuera de la temporada por conmoci\u00f3n cerebral"},"content":{"rendered":"\n<figure class=\"wp-block-pullquote\"><blockquote><p>Es la segunda conmoci\u00f3n cerebral en la carrera del jugador, sufri\u00f3 una lesi\u00f3n similar en la temporada 2023.<\/p><\/blockquote><\/figure>\n\n\n\n<p class=\"has-drop-cap\">Jacksonville Jaguars confirmaron que su quarterback titular, Trevor Lawrence, no volver\u00e1 a jugar esta temporada tras ser colocado en la lista de reserva por lesi\u00f3n. El incidente ocurri\u00f3 el pasado domingo en un enfrentamiento contra los Houston Texans, cuando sufri\u00f3 una conmoci\u00f3n cerebral provocada por un golpe tard\u00edo del linebacker Azeez Al-Shaair.<br><\/p>\n\n\n\n<p>La jugada se produjo mientras Lawrence se deslizaba para evitar contacto, pero recibi\u00f3 un impacto en la cabeza y cuello que lo dej\u00f3 tendido en el campo. A sus 25 a\u00f1os, Lawrence ha sido una de las piezas clave de Jaguars desde su llegada en el Draft de 2021.<br><\/p>\n\n\n\n<p>Jaguars, con una marca de 2-10, est\u00e1n fuera de la contienda por los playoffs, lo que refuerza la decisi\u00f3n de preservar la salud del mariscal de campo. En sus partidos de esta temporada, Lawrence acumul\u00f3 2,045 yardas, 11 touchdowns y 7 intercepciones, n\u00fameros que mostraban su liderazgo pese a un a\u00f1o complicado.<br><\/p>\n\n\n\n<p>En respuesta a su baja, Jacksonville firm\u00f3 al quarterback John Wolford para su equipo de pr\u00e1cticas, mientras ajusta su plantilla ofensiva para afrontar los \u00faltimos partidos. Por su parte, Azeez Al-Shaair fue sancionado con tres partidos de suspensi\u00f3n sin sueldo por la NFL, una decisi\u00f3n ratificada tras su apelaci\u00f3n. Jon Runyan, vicepresidente de operaciones de la liga, se\u00f1al\u00f3 que el golpe fue \u201cinaceptable\u201d y viol\u00f3 las reglas de seguridad.<br><\/p>\n\n\n\n<p>El incidente subraya las preocupaciones sobre la protecci\u00f3n de los jugadores en la NFL, mientras Jaguars deben replantear su estrategia sin Lawrence. El impacto de su ausencia ser\u00e1 significativo para un equipo que buscaba construir su futuro alrededor de su joven estrella.<\/p>\n","protected":false},"excerpt":{"rendered":"<p>Es la segunda conmoci\u00f3n cerebral en la carrera del jugador, sufri\u00f3 una lesi\u00f3n similar en la temporada 2023. Jacksonville Jaguars confirmaron que su quarterback titular, Trevor Lawrence, no volver\u00e1 a jugar esta temporada tras ser colocado en la lista de reserva por lesi\u00f3n. El incidente ocurri\u00f3 el pasado domingo en un enfrentamiento contra los Houston [&hellip;]<\/p>\n","protected":false},"author":1,"featured_media":70740,"comment_status":"closed","ping_status":"closed","sticky":false,"template":"","format":"standard","meta":{"footnotes":""},"categories":[38,30],"tags":[],"class_list":["post-70739","post","type-post","status-publish","format-standard","has-post-thumbnail","hentry","category-deportes","category-destacado"],"_links":{"self":[{"href":"https:\/\/elinformante.mx\/index.php?rest_route=\/wp\/v2\/posts\/70739","targetHints":{"allow":["GET"]}}],"collection":[{"href":"https:\/\/elinformante.mx\/index.php?rest_route=\/wp\/v2\/posts"}],"about":[{"href":"https:\/\/elinformante.mx\/index.php?rest_route=\/wp\/v2\/types\/post"}],"author":[{"embeddable":true,"href":"https:\/\/elinformante.mx\/index.php?rest_route=\/wp\/v2\/users\/1"}],"replies":[{"embeddable":true,"href":"https:\/\/elinformante.mx\/index.php?rest_route=%2Fwp%2Fv2%2Fcomments&post=70739"}],"version-history":[{"count":0,"href":"https:\/\/elinformante.mx\/index.php?rest_route=\/wp\/v2\/posts\/70739\/revisions"}],"wp:featuredmedia":[{"embeddable":true,"href":"https:\/\/elinformante.mx\/index.php?rest_route=\/wp\/v2\/media\/70740"}],"wp:attachment":[{"href":"https:\/\/elinformante.mx\/index.php?rest_route=%2Fwp%2Fv2%2Fmedia&parent=70739"}],"wp:term":[{"taxonomy":"category","embeddable":true,"href":"https:\/\/elinformante.mx\/index.php?rest_route=%2Fwp%2Fv2%2Fcategories&post=70739"},{"taxonomy":"post_tag","embeddable":true,"href":"https:\/\/elinformante.mx\/index.php?rest_route=%2Fwp%2Fv2%2Ftags&post=70739"}],"curies":[{"name":"wp","href":"https:\/\/api.w.org\/{rel}","templated":true}]}}