{"id":70742,"date":"2024-12-06T05:52:27","date_gmt":"2024-12-06T11:52:27","guid":{"rendered":"https:\/\/elinformante.mx\/?p=70742"},"modified":"2024-12-06T05:52:29","modified_gmt":"2024-12-06T11:52:29","slug":"sujeto-es-condenado-a-70-anos-de-prision-acusado-de-feminicidio-ocurrido-en-coacalco","status":"publish","type":"post","link":"https:\/\/elinformante.mx\/?p=70742","title":{"rendered":"Sujeto es condenado a 70 a\u00f1os de prisi\u00f3n acusado de feminicidio ocurrido en Coacalco"},"content":{"rendered":"\n<figure class=\"wp-block-pullquote\"><blockquote><p>Fue detenido en el mes de enero de este a\u00f1o en el estado de Morelos, en acci\u00f3n conjunta de la FGJEM y la Fiscal\u00eda de esa entidad.<\/p><\/blockquote><\/figure>\n\n\n\n<p class=\"has-drop-cap\">Abraham Mesino Hern\u00e1ndez fue sentenciado a 70 a\u00f1os de prisi\u00f3n, luego de que la Fiscal\u00eda General de Justicia del Estado de M\u00e9xico (FGJEM) acredit\u00f3 su intervenci\u00f3n en el delito de feminicidio en agravio de su pareja sentimental, hechos registrados en este municipio en el a\u00f1o 2019.<br><\/p>\n\n\n\n<p>Los hechos tuvieron lugar el 1 de agosto de 2019, al interior de un departamento de la Unidad Habitacional San Rafael, en el municipio de Coacalco, donde agredi\u00f3 sexualmente a la v\u00edctima y luego la estrangul\u00f3.<br><\/p>\n\n\n\n<p>Derivado del hallazgo del cuerpo, fue iniciada la indagatoria correspondiente por el caso y la FGJEM llev\u00f3 a cabo actos de investigaci\u00f3n de gabinete y campo, adem\u00e1s recab\u00f3 pruebas con los cuales el Ministerio P\u00fablico solicit\u00f3 al \u00d3rgano Jurisdiccional librar orden de aprehensi\u00f3n en contra de Abraham Mesino Hern\u00e1ndez. Cabe mencionar que en el desarrollo de la investigaci\u00f3n la Fiscal\u00eda mexiquense cont\u00f3 con el apoyo de la activista Frida Guerrera.<br><\/p>\n\n\n\n<p>En enero de 2024, agentes de la Fiscal\u00eda General de Justicia estatal, en conjunto con elementos de la Fiscal\u00eda General del estado de Morelos (FGE), aprehendieron en esa entidad federativa a este sujeto. Tras ser aprehendido fue trasladado al Estado de M\u00e9xico e ingresado al Centro Penitenciario y de Reinserci\u00f3n Social de Ecatepec.<br><\/p>\n\n\n\n<p>Las pruebas recabadas, aportadas y expuestas por el Ministerio P\u00fablico, fueron determinantes para que un Juez emitiera esta sentencia de condena contra el responsable, en tanto que sus derechos civiles y pol\u00edticos quedaron suspendidos.<\/p>\n","protected":false},"excerpt":{"rendered":"<p>Fue detenido en el mes de enero de este a\u00f1o en el estado de Morelos, en acci\u00f3n conjunta de la FGJEM y la Fiscal\u00eda de esa entidad. Abraham Mesino Hern\u00e1ndez fue sentenciado a 70 a\u00f1os de prisi\u00f3n, luego de que la Fiscal\u00eda General de Justicia del Estado de M\u00e9xico (FGJEM) acredit\u00f3 su intervenci\u00f3n en el [&hellip;]<\/p>\n","protected":false},"author":1,"featured_media":70743,"comment_status":"closed","ping_status":"closed","sticky":false,"template":"","format":"standard","meta":{"footnotes":""},"categories":[36,37],"tags":[],"class_list":["post-70742","post","type-post","status-publish","format-standard","has-post-thumbnail","hentry","category-edomex","category-justicia"],"_links":{"self":[{"href":"https:\/\/elinformante.mx\/index.php?rest_route=\/wp\/v2\/posts\/70742","targetHints":{"allow":["GET"]}}],"collection":[{"href":"https:\/\/elinformante.mx\/index.php?rest_route=\/wp\/v2\/posts"}],"about":[{"href":"https:\/\/elinformante.mx\/index.php?rest_route=\/wp\/v2\/types\/post"}],"author":[{"embeddable":true,"href":"https:\/\/elinformante.mx\/index.php?rest_route=\/wp\/v2\/users\/1"}],"replies":[{"embeddable":true,"href":"https:\/\/elinformante.mx\/index.php?rest_route=%2Fwp%2Fv2%2Fcomments&post=70742"}],"version-history":[{"count":0,"href":"https:\/\/elinformante.mx\/index.php?rest_route=\/wp\/v2\/posts\/70742\/revisions"}],"wp:featuredmedia":[{"embeddable":true,"href":"https:\/\/elinformante.mx\/index.php?rest_route=\/wp\/v2\/media\/70743"}],"wp:attachment":[{"href":"https:\/\/elinformante.mx\/index.php?rest_route=%2Fwp%2Fv2%2Fmedia&parent=70742"}],"wp:term":[{"taxonomy":"category","embeddable":true,"href":"https:\/\/elinformante.mx\/index.php?rest_route=%2Fwp%2Fv2%2Fcategories&post=70742"},{"taxonomy":"post_tag","embeddable":true,"href":"https:\/\/elinformante.mx\/index.php?rest_route=%2Fwp%2Fv2%2Ftags&post=70742"}],"curies":[{"name":"wp","href":"https:\/\/api.w.org\/{rel}","templated":true}]}}