{"id":70954,"date":"2024-12-09T07:07:59","date_gmt":"2024-12-09T13:07:59","guid":{"rendered":"https:\/\/elinformante.mx\/?p=70954"},"modified":"2024-12-09T07:08:02","modified_gmt":"2024-12-09T13:08:02","slug":"gobierno-de-sheinbaum-destinara-800-millones-en-programas-sociales","status":"publish","type":"post","link":"https:\/\/elinformante.mx\/?p=70954","title":{"rendered":"GOBIERNO DE SHEINBAUM DESTINAR\u00c1 800 MILLONES EN PROGRAMAS SOCIALES"},"content":{"rendered":"\n<figure class=\"wp-block-pullquote\"><blockquote><p>Asegur\u00f3 que ir\u00e1 por m\u00e1s programas como el apoyo a mujeres de 60 a 64 a\u00f1os y salud Casa por Casa.<\/p><\/blockquote><\/figure>\n\n\n\n<p class=\"has-drop-cap wp-block-paragraph\">La presidenta record\u00f3 que debido a que programas como la pensi\u00f3n a adultos mayores y las becas a estudiantes de educaci\u00f3n b\u00e1sica ya se encuentran plasmados en la Constituci\u00f3n, \u00e9stos continuar\u00e1n durante su gobierno.<br><\/p>\n\n\n\n<p class=\"wp-block-paragraph\">La presidenta Claudia Sheinbaum Pardo anunci\u00f3 que en 2025 destinar\u00e1 800 mil millones de pesos a programas sociales creados por el exmandatario Andr\u00e9s Manuel L\u00f3pez Obrador, cifra que catalog\u00f3 de \u201chist\u00f3rica\u201d.<br><\/p>\n\n\n\n<figure class=\"wp-block-image size-large\"><img fetchpriority=\"high\" decoding=\"async\" width=\"1024\" height=\"503\" src=\"https:\/\/elinformante.mx\/wp-content\/uploads\/2024\/12\/9CLAUDIA-2-1024x503.jpg\" alt=\"\" class=\"wp-image-70957\" srcset=\"https:\/\/elinformante.mx\/wp-content\/uploads\/2024\/12\/9CLAUDIA-2-1024x503.jpg 1024w, https:\/\/elinformante.mx\/wp-content\/uploads\/2024\/12\/9CLAUDIA-2-300x147.jpg 300w, https:\/\/elinformante.mx\/wp-content\/uploads\/2024\/12\/9CLAUDIA-2-768x377.jpg 768w, https:\/\/elinformante.mx\/wp-content\/uploads\/2024\/12\/9CLAUDIA-2.jpg 1140w\" sizes=\"(max-width: 1024px) 100vw, 1024px\" \/><\/figure>\n\n\n\n<p class=\"wp-block-paragraph\">\u201cEl pr\u00f3ximo a\u00f1o vamos a destinar m\u00e1s de 800 mil millones de pesos a todos los programas de bienestar en todo el pa\u00eds. Cifra hist\u00f3rica\u201d, resalt\u00f3 Sheinbaum Pardo durante la inauguraci\u00f3n del Centro de Salud Docente con Servicios Ampliados de Santiago Astata, Oaxaca.<br><\/p>\n\n\n\n<p class=\"wp-block-paragraph\">Asimismo, record\u00f3 que debido a que programas como la pensi\u00f3n a adultos mayores y las becas a estudiantes de educaci\u00f3n b\u00e1sica ya se encuentran plasmados en la Constituci\u00f3n, \u00e9stos continuar\u00e1n durante su gobierno.<br><\/p>\n\n\n\n<figure class=\"wp-block-image size-large\"><img decoding=\"async\" width=\"1024\" height=\"503\" src=\"https:\/\/elinformante.mx\/wp-content\/uploads\/2024\/12\/9CLAUDIA-3-1024x503.jpg\" alt=\"\" class=\"wp-image-70958\" srcset=\"https:\/\/elinformante.mx\/wp-content\/uploads\/2024\/12\/9CLAUDIA-3-1024x503.jpg 1024w, https:\/\/elinformante.mx\/wp-content\/uploads\/2024\/12\/9CLAUDIA-3-300x147.jpg 300w, https:\/\/elinformante.mx\/wp-content\/uploads\/2024\/12\/9CLAUDIA-3-768x377.jpg 768w, https:\/\/elinformante.mx\/wp-content\/uploads\/2024\/12\/9CLAUDIA-3.jpg 1140w\" sizes=\"(max-width: 1024px) 100vw, 1024px\" \/><\/figure>\n\n\n\n<p class=\"wp-block-paragraph\">Asegur\u00f3 que ir\u00e1 por m\u00e1s programas como el apoyo a mujeres de 60 a 64 a\u00f1os y salud Casa por Casa.<br><\/p>\n\n\n\n<p class=\"wp-block-paragraph\">Respecto a Oaxaca, Sheinbaum Pardo se comprometi\u00f3 a realizar obras de agua potable, caminos artesanales y rehabilitaci\u00f3n de carreteras, as\u00ed como dar continuidad a las obras que quedaron pendientes durante el gobierno de L\u00f3pez Obrador y consolidar el IMSS-Bienestar, que pretende atender a las personas sin seguridad social.<br><\/p>\n\n\n\n<figure class=\"wp-block-image size-large\"><img decoding=\"async\" width=\"1024\" height=\"503\" src=\"https:\/\/elinformante.mx\/wp-content\/uploads\/2024\/12\/9CLAUDIA-1024x503.jpg\" alt=\"\" class=\"wp-image-70959\" srcset=\"https:\/\/elinformante.mx\/wp-content\/uploads\/2024\/12\/9CLAUDIA-1024x503.jpg 1024w, https:\/\/elinformante.mx\/wp-content\/uploads\/2024\/12\/9CLAUDIA-300x147.jpg 300w, https:\/\/elinformante.mx\/wp-content\/uploads\/2024\/12\/9CLAUDIA-768x377.jpg 768w, https:\/\/elinformante.mx\/wp-content\/uploads\/2024\/12\/9CLAUDIA.jpg 1140w\" sizes=\"(max-width: 1024px) 100vw, 1024px\" \/><\/figure>\n\n\n\n<p class=\"wp-block-paragraph\">\u201cEse es el objetivo del IMSS Bienestar, que haya prevenci\u00f3n, que haya atenci\u00f3n a la salud y que haya comunicaci\u00f3n entre la poblaci\u00f3n y los Centros de Salud.<br><\/p>\n\n\n\n<p class=\"wp-block-paragraph\">\u201cPor eso este Centro de Salud ampliado es tan importante, no solo porque va a atender a la poblaci\u00f3n sino tambi\u00e9n porque van a estar muy cercanos a todas y todos ustedes\u201d, afirm\u00f3.<\/p>\n","protected":false},"excerpt":{"rendered":"<p>Asegur\u00f3 que ir\u00e1 por m\u00e1s programas como el apoyo a mujeres de 60 a 64 a\u00f1os y salud Casa por Casa. La presidenta record\u00f3 que debido a que programas como la pensi\u00f3n a adultos mayores y las becas a estudiantes de educaci\u00f3n b\u00e1sica ya se encuentran plasmados en la Constituci\u00f3n, \u00e9stos continuar\u00e1n durante su gobierno. [&hellip;]<\/p>\n","protected":false},"author":1,"featured_media":70956,"comment_status":"closed","ping_status":"closed","sticky":false,"template":"","format":"standard","meta":{"footnotes":""},"categories":[30,34,31],"tags":[47],"class_list":["post-70954","post","type-post","status-publish","format-standard","has-post-thumbnail","hentry","category-destacado","category-nacional","category-portada","tag-portadanacional"],"_links":{"self":[{"href":"https:\/\/elinformante.mx\/index.php?rest_route=\/wp\/v2\/posts\/70954","targetHints":{"allow":["GET"]}}],"collection":[{"href":"https:\/\/elinformante.mx\/index.php?rest_route=\/wp\/v2\/posts"}],"about":[{"href":"https:\/\/elinformante.mx\/index.php?rest_route=\/wp\/v2\/types\/post"}],"author":[{"embeddable":true,"href":"https:\/\/elinformante.mx\/index.php?rest_route=\/wp\/v2\/users\/1"}],"replies":[{"embeddable":true,"href":"https:\/\/elinformante.mx\/index.php?rest_route=%2Fwp%2Fv2%2Fcomments&post=70954"}],"version-history":[{"count":0,"href":"https:\/\/elinformante.mx\/index.php?rest_route=\/wp\/v2\/posts\/70954\/revisions"}],"wp:featuredmedia":[{"embeddable":true,"href":"https:\/\/elinformante.mx\/index.php?rest_route=\/wp\/v2\/media\/70956"}],"wp:attachment":[{"href":"https:\/\/elinformante.mx\/index.php?rest_route=%2Fwp%2Fv2%2Fmedia&parent=70954"}],"wp:term":[{"taxonomy":"category","embeddable":true,"href":"https:\/\/elinformante.mx\/index.php?rest_route=%2Fwp%2Fv2%2Fcategories&post=70954"},{"taxonomy":"post_tag","embeddable":true,"href":"https:\/\/elinformante.mx\/index.php?rest_route=%2Fwp%2Fv2%2Ftags&post=70954"}],"curies":[{"name":"wp","href":"https:\/\/api.w.org\/{rel}","templated":true}]}}