{"id":70972,"date":"2024-12-10T04:13:34","date_gmt":"2024-12-10T10:13:34","guid":{"rendered":"https:\/\/elinformante.mx\/?p=70972"},"modified":"2024-12-10T04:13:36","modified_gmt":"2024-12-10T10:13:36","slug":"chris-evans-regresa-al-mundo-marvel","status":"publish","type":"post","link":"https:\/\/elinformante.mx\/?p=70972","title":{"rendered":"Chris Evans regresa al mundo \u201cMarvel\u201d"},"content":{"rendered":"\n<figure class=\"wp-block-pullquote\"><blockquote><p>Ser\u00e1 en un papel secreto en el que actor volver\u00e1 a la franquicia de superh\u00e9roes.<\/p><\/blockquote><\/figure>\n\n\n\n<p class=\"has-drop-cap\">Chris Evans, actor que dio vida a Capit\u00e1n Am\u00e9rica durante casi una d\u00e9cada en Marvel, y que adem\u00e1s interpret\u00f3 a La Antorcha Humana en tres ocasiones, fue anunciado que volver\u00e1 para la pr\u00f3xima pel\u00edcula de Los Vengadores.<br><\/p>\n\n\n\n<p>Evans acompa\u00f1ar\u00e1 a Robert Downey Jr., quien ser\u00e1 V\u00edctor Von Doom (Dr. Doom), el archienemigo de los Cuatro Fant\u00e1sticos, luego de haber marcado a toda una generaci\u00f3n en su rol como Iron Man.<br><\/p>\n\n\n\n<p>No obstante, de la misma manera en la que Robert ha cambiado de rol, todo parece indicar que el Steve Rogers de Chris Evans no volver\u00eda, o no tan pronto, sino que podr\u00eda interpretar a un papel totalmente distinto, incluso distinto al del integrante de los Cuatro Fant\u00e1sticos, a quien vimos recientemente aparecer en la cinta \u2018Deadpool and Wolverine\u2019.<br><\/p>\n\n\n\n<figure class=\"wp-block-image size-large\"><img fetchpriority=\"high\" decoding=\"async\" width=\"1024\" height=\"503\" src=\"https:\/\/elinformante.mx\/wp-content\/uploads\/2024\/12\/15chris-2-1024x503.jpg\" alt=\"\" class=\"wp-image-70974\" srcset=\"https:\/\/elinformante.mx\/wp-content\/uploads\/2024\/12\/15chris-2-1024x503.jpg 1024w, https:\/\/elinformante.mx\/wp-content\/uploads\/2024\/12\/15chris-2-300x147.jpg 300w, https:\/\/elinformante.mx\/wp-content\/uploads\/2024\/12\/15chris-2-768x377.jpg 768w, https:\/\/elinformante.mx\/wp-content\/uploads\/2024\/12\/15chris-2.jpg 1140w\" sizes=\"(max-width: 1024px) 100vw, 1024px\" \/><\/figure>\n\n\n\n<p>El famoso actor norteamericano ha confirmado su participaci\u00f3n en la nueva cinta de \u2018Avengers: Doomsday\u2019, luego de que su personaje de Steve Rogers cerrara su arco en \u2018Avengers: End Game\u2019.<br><\/p>\n\n\n\n<p>Seg\u00fan el medio The Wrap, el actor volver\u00e1 a interpretar un papel clave en este Universo Cinematogr\u00e1fico de Marvel, no obsante, aunque se asegur\u00f3 que su regreso es irreprochable, no se confirm\u00f3 si el papel al que dar\u00e1 vida ser\u00e1 el de Steve Rogers.<br><\/p>\n\n\n\n<p>El actor no ha dado ninguna declaraci\u00f3n sobre este hecho, no obstante, con el magno evento de los Vengadores a la vuelta de la esquina, y el cierre de la Saga del Multiverso en un abrir y cerrar de ojos, se sabe ahora que el actor har\u00eda su triunfal regreso para luchar contra una nueva amenaza que tendr\u00e1 el rostro del h\u00e9roe m\u00e1s grande de ese mundo.<\/p>\n","protected":false},"excerpt":{"rendered":"<p>Ser\u00e1 en un papel secreto en el que actor volver\u00e1 a la franquicia de superh\u00e9roes. Chris Evans, actor que dio vida a Capit\u00e1n Am\u00e9rica durante casi una d\u00e9cada en Marvel, y que adem\u00e1s interpret\u00f3 a La Antorcha Humana en tres ocasiones, fue anunciado que volver\u00e1 para la pr\u00f3xima pel\u00edcula de Los Vengadores. Evans acompa\u00f1ar\u00e1 a [&hellip;]<\/p>\n","protected":false},"author":1,"featured_media":70973,"comment_status":"closed","ping_status":"closed","sticky":false,"template":"","format":"standard","meta":{"footnotes":""},"categories":[30,39],"tags":[],"class_list":["post-70972","post","type-post","status-publish","format-standard","has-post-thumbnail","hentry","category-destacado","category-espectaculos"],"_links":{"self":[{"href":"https:\/\/elinformante.mx\/index.php?rest_route=\/wp\/v2\/posts\/70972","targetHints":{"allow":["GET"]}}],"collection":[{"href":"https:\/\/elinformante.mx\/index.php?rest_route=\/wp\/v2\/posts"}],"about":[{"href":"https:\/\/elinformante.mx\/index.php?rest_route=\/wp\/v2\/types\/post"}],"author":[{"embeddable":true,"href":"https:\/\/elinformante.mx\/index.php?rest_route=\/wp\/v2\/users\/1"}],"replies":[{"embeddable":true,"href":"https:\/\/elinformante.mx\/index.php?rest_route=%2Fwp%2Fv2%2Fcomments&post=70972"}],"version-history":[{"count":0,"href":"https:\/\/elinformante.mx\/index.php?rest_route=\/wp\/v2\/posts\/70972\/revisions"}],"wp:featuredmedia":[{"embeddable":true,"href":"https:\/\/elinformante.mx\/index.php?rest_route=\/wp\/v2\/media\/70973"}],"wp:attachment":[{"href":"https:\/\/elinformante.mx\/index.php?rest_route=%2Fwp%2Fv2%2Fmedia&parent=70972"}],"wp:term":[{"taxonomy":"category","embeddable":true,"href":"https:\/\/elinformante.mx\/index.php?rest_route=%2Fwp%2Fv2%2Fcategories&post=70972"},{"taxonomy":"post_tag","embeddable":true,"href":"https:\/\/elinformante.mx\/index.php?rest_route=%2Fwp%2Fv2%2Ftags&post=70972"}],"curies":[{"name":"wp","href":"https:\/\/api.w.org\/{rel}","templated":true}]}}