{"id":70979,"date":"2024-12-10T04:15:46","date_gmt":"2024-12-10T10:15:46","guid":{"rendered":"https:\/\/elinformante.mx\/?p=70979"},"modified":"2024-12-10T04:15:49","modified_gmt":"2024-12-10T10:15:49","slug":"max-verstappen-defiende-a-checo-perez","status":"publish","type":"post","link":"https:\/\/elinformante.mx\/?p=70979","title":{"rendered":"Max Verstappen defiende a \u201cCheco\u201d P\u00e9rez"},"content":{"rendered":"\n<figure class=\"wp-block-pullquote\"><blockquote><p>\u201c\u00c9l no es un idiota como han dicho\u201d, as\u00ed es como el tetracampe\u00f3n del mundo en la F\u00f3rmula 1 habl\u00f3 sobre los rumores de salida del equipo del tapat\u00edo.<\/p><\/blockquote><\/figure>\n\n\n\n<p class=\"has-drop-cap\">Este fin de semana la temporada 2024 de la F\u00f3rmula 1 finalmente ha concluido con un Max Verstappen obteniendo su cuarto t\u00edtulo mundial, sin embargo, McLaren destron\u00f3 a Red Bull en el campeonato de constructores, pero aunado a todo esto el futuro de Checo P\u00e9rez pendido en el aire debido a los malos resultados que le costaron el \u00faltimo trofeo a su equipo.<br><\/p>\n\n\n\n<p>Durante una conferencia de prensa tras el Gran Premio de Abu Dhabi, \u00faltimo de la campa\u00f1a en la F1, Max dej\u00f3 en claro que Checo no fue el problema para que Red Bull finalizara tercero en el mundial de escuder\u00edas, e incluso critic\u00f3 a los detractores del mexicano.<br><\/p>\n\n\n\n<p>\u201cPor supuesto que algunos fines de semana podr\u00edan haber sido mejores para Checo, pero a veces la gente ha sido muy dura con \u00e9l, porque \u00e9l no es un idiota\u201d.<br><\/p>\n\n\n\n<p>Verstappen dej\u00f3 en claro que guarda una gran relaci\u00f3n con el que ha sido su coequipero en el equipo de las bebidas energ\u00e9ticas durante las \u00faltimas cuatro temporadas.<br><\/p>\n\n\n\n<figure class=\"wp-block-image size-large\"><img fetchpriority=\"high\" decoding=\"async\" width=\"1024\" height=\"503\" src=\"https:\/\/elinformante.mx\/wp-content\/uploads\/2024\/12\/14max-1024x503.jpg\" alt=\"\" class=\"wp-image-70981\" srcset=\"https:\/\/elinformante.mx\/wp-content\/uploads\/2024\/12\/14max-1024x503.jpg 1024w, https:\/\/elinformante.mx\/wp-content\/uploads\/2024\/12\/14max-300x147.jpg 300w, https:\/\/elinformante.mx\/wp-content\/uploads\/2024\/12\/14max-768x377.jpg 768w, https:\/\/elinformante.mx\/wp-content\/uploads\/2024\/12\/14max.jpg 1140w\" sizes=\"(max-width: 1024px) 100vw, 1024px\" \/><\/figure>\n\n\n\n<p>\u201cTengo simpat\u00eda por \u00e9l, trabajamos todos los fines de semana, semana tras semana, y he notado que la gente ha sido muy dura\u201d.<br><\/p>\n\n\n\n<p>Finalmente, Max Verstappen elogi\u00f3 la calidad en la pista de Checo P\u00e9rez, y agreg\u00f3 que toda la escuder\u00eda batall\u00f3 con el monoplaza RB20 en esta campa\u00f1a, el cual no fue tan bueno como el hist\u00f3rico RB19 con el que arrasaron con todos los trofeos disponibles en 2023.<br><\/p>\n\n\n\n<p>\u201cCheco P\u00e9rez siempre ha sido considerado un gran piloto, pero no solo para \u00e9l ha sido duro, porque todos en el equipo tambi\u00e9n lo sufrimos, porque a veces el RB20 era simplemente muy dif\u00edcil de conducir\u201d.<br><\/p>\n\n\n\n<p>Verstappen se coron\u00f3 una vez m\u00e1s en la m\u00e1xima categor\u00eda del automovilismo al cosechar 437 puntos en esta temporada, por solo 152 de Checo (octavo), para un total de 589 en Red Bull, que se ubic\u00f3 en tercer lugar, por debajo de McLaren y Ferrari.<\/p>\n","protected":false},"excerpt":{"rendered":"<p>\u201c\u00c9l no es un idiota como han dicho\u201d, as\u00ed es como el tetracampe\u00f3n del mundo en la F\u00f3rmula 1 habl\u00f3 sobre los rumores de salida del equipo del tapat\u00edo. Este fin de semana la temporada 2024 de la F\u00f3rmula 1 finalmente ha concluido con un Max Verstappen obteniendo su cuarto t\u00edtulo mundial, sin embargo, McLaren [&hellip;]<\/p>\n","protected":false},"author":1,"featured_media":70980,"comment_status":"closed","ping_status":"closed","sticky":false,"template":"","format":"standard","meta":{"footnotes":""},"categories":[38,30],"tags":[],"class_list":["post-70979","post","type-post","status-publish","format-standard","has-post-thumbnail","hentry","category-deportes","category-destacado"],"_links":{"self":[{"href":"https:\/\/elinformante.mx\/index.php?rest_route=\/wp\/v2\/posts\/70979","targetHints":{"allow":["GET"]}}],"collection":[{"href":"https:\/\/elinformante.mx\/index.php?rest_route=\/wp\/v2\/posts"}],"about":[{"href":"https:\/\/elinformante.mx\/index.php?rest_route=\/wp\/v2\/types\/post"}],"author":[{"embeddable":true,"href":"https:\/\/elinformante.mx\/index.php?rest_route=\/wp\/v2\/users\/1"}],"replies":[{"embeddable":true,"href":"https:\/\/elinformante.mx\/index.php?rest_route=%2Fwp%2Fv2%2Fcomments&post=70979"}],"version-history":[{"count":0,"href":"https:\/\/elinformante.mx\/index.php?rest_route=\/wp\/v2\/posts\/70979\/revisions"}],"wp:featuredmedia":[{"embeddable":true,"href":"https:\/\/elinformante.mx\/index.php?rest_route=\/wp\/v2\/media\/70980"}],"wp:attachment":[{"href":"https:\/\/elinformante.mx\/index.php?rest_route=%2Fwp%2Fv2%2Fmedia&parent=70979"}],"wp:term":[{"taxonomy":"category","embeddable":true,"href":"https:\/\/elinformante.mx\/index.php?rest_route=%2Fwp%2Fv2%2Fcategories&post=70979"},{"taxonomy":"post_tag","embeddable":true,"href":"https:\/\/elinformante.mx\/index.php?rest_route=%2Fwp%2Fv2%2Ftags&post=70979"}],"curies":[{"name":"wp","href":"https:\/\/api.w.org\/{rel}","templated":true}]}}