{"id":70983,"date":"2024-12-10T04:17:06","date_gmt":"2024-12-10T10:17:06","guid":{"rendered":"https:\/\/elinformante.mx\/?p=70983"},"modified":"2024-12-10T04:17:09","modified_gmt":"2024-12-10T10:17:09","slug":"procesan-a-cuatro-sujetos-senalados-por-un-homicidio-ocurrido-en-chalco","status":"publish","type":"post","link":"https:\/\/elinformante.mx\/?p=70983","title":{"rendered":"Procesan a cuatro sujetos se\u00f1alados por un homicidio ocurrido en Chalco"},"content":{"rendered":"\n<figure class=\"wp-block-pullquote\"><blockquote><p>Los detenidos al parecer son integrantes de una organizaci\u00f3n delictiva con or\u00edgenes en el estado de Jalisco.<\/p><\/blockquote><\/figure>\n\n\n\n<p class=\"has-drop-cap\">Cuatro presuntos integrantes de una organizaci\u00f3n delictiva con or\u00edgenes en el estado de Jalisco fueron vinculados a proceso, una vez que la FGJEM acredit\u00f3 su probable intervenci\u00f3n en el hecho delictivo de homicidio calificado en agravio de un hombre en esta regi\u00f3n de la entidad.<br><\/p>\n\n\n\n<p>Se trata de Bryan \u201cN\u201d, Gabriel Federico \u201cN\u201d, Andrea Betsab\u00e9 \u201cN\u201d y Julio C\u00e9sar \u201cN\u201d, a quienes les fue iniciado proceso legal por homicidio, adem\u00e1s un Juez les fij\u00f3 plazo de dos meses para el cierre de investigaci\u00f3n complementaria y medida cautelar de prisi\u00f3n preventiva justificada.<br><\/p>\n\n\n\n<p>Estas cuatro personas son indagadas por hechos perpetrados el pasado 19 de noviembre, en la calle Segunda Cerrada de Boulevard, en la colonia Unidad Habitacional Los H\u00e9roes, en el municipio de Chalco, donde se encontraba la v\u00edctima y al lugar arribaron los ahora detenidos a bordo de tres motocicletas de las marcas Cross, Italika y Vento.<br><\/p>\n\n\n\n<p>Los probables implicados descendieron de dichos veh\u00edculos y al tener a la vista a la v\u00edctima, le habr\u00edan disparado con armas de fuego, ocasion\u00e1ndole la muerte. Tras haber intervenido en los hechos, huyeron del lugar.<br><\/p>\n\n\n\n<p>La Fiscal\u00eda mexiquense identifico a estas cuatro personas como intervinientes en los hechos, por ello fueron ubicados y aprehendidos, para posteriormente ser ingresados al Centro Penitenciario y de Reinserci\u00f3n Social de Chalco, donde la Autoridad Judicial, los vincul\u00f3 a proceso.<br><\/p>\n\n\n\n<p>Indagatorias permitieron determinar que los detenidos presuntamente son integrantes de un grupo delictivo con or\u00edgenes en Jalisco. A los detenidos se les debe considerar inocentes hasta que sea dictada una sentencia condenatoria en su contra.<\/p>\n","protected":false},"excerpt":{"rendered":"<p>Los detenidos al parecer son integrantes de una organizaci\u00f3n delictiva con or\u00edgenes en el estado de Jalisco. Cuatro presuntos integrantes de una organizaci\u00f3n delictiva con or\u00edgenes en el estado de Jalisco fueron vinculados a proceso, una vez que la FGJEM acredit\u00f3 su probable intervenci\u00f3n en el hecho delictivo de homicidio calificado en agravio de un [&hellip;]<\/p>\n","protected":false},"author":1,"featured_media":70984,"comment_status":"closed","ping_status":"closed","sticky":false,"template":"","format":"standard","meta":{"footnotes":""},"categories":[36,37],"tags":[],"class_list":["post-70983","post","type-post","status-publish","format-standard","has-post-thumbnail","hentry","category-edomex","category-justicia"],"_links":{"self":[{"href":"https:\/\/elinformante.mx\/index.php?rest_route=\/wp\/v2\/posts\/70983","targetHints":{"allow":["GET"]}}],"collection":[{"href":"https:\/\/elinformante.mx\/index.php?rest_route=\/wp\/v2\/posts"}],"about":[{"href":"https:\/\/elinformante.mx\/index.php?rest_route=\/wp\/v2\/types\/post"}],"author":[{"embeddable":true,"href":"https:\/\/elinformante.mx\/index.php?rest_route=\/wp\/v2\/users\/1"}],"replies":[{"embeddable":true,"href":"https:\/\/elinformante.mx\/index.php?rest_route=%2Fwp%2Fv2%2Fcomments&post=70983"}],"version-history":[{"count":0,"href":"https:\/\/elinformante.mx\/index.php?rest_route=\/wp\/v2\/posts\/70983\/revisions"}],"wp:featuredmedia":[{"embeddable":true,"href":"https:\/\/elinformante.mx\/index.php?rest_route=\/wp\/v2\/media\/70984"}],"wp:attachment":[{"href":"https:\/\/elinformante.mx\/index.php?rest_route=%2Fwp%2Fv2%2Fmedia&parent=70983"}],"wp:term":[{"taxonomy":"category","embeddable":true,"href":"https:\/\/elinformante.mx\/index.php?rest_route=%2Fwp%2Fv2%2Fcategories&post=70983"},{"taxonomy":"post_tag","embeddable":true,"href":"https:\/\/elinformante.mx\/index.php?rest_route=%2Fwp%2Fv2%2Ftags&post=70983"}],"curies":[{"name":"wp","href":"https:\/\/api.w.org\/{rel}","templated":true}]}}