{"id":70986,"date":"2024-12-10T04:18:09","date_gmt":"2024-12-10T10:18:09","guid":{"rendered":"https:\/\/elinformante.mx\/?p=70986"},"modified":"2024-12-10T04:18:11","modified_gmt":"2024-12-10T10:18:11","slug":"sentencian-a-95-anos-de-prision-a-dos-sujetos-por-secuestrar-y-asesinar-a-un-comerciante","status":"publish","type":"post","link":"https:\/\/elinformante.mx\/?p=70986","title":{"rendered":"Sentencian a 95 a\u00f1os de prisi\u00f3n a dos sujetos por secuestrar y asesinar a un comerciante"},"content":{"rendered":"\n<figure class=\"wp-block-pullquote\"><blockquote><p>Ambos individuos se desempe\u00f1aban como elementos de la polic\u00eda municipal de Nicol\u00e1s Romero cuando cometieron estos hechos.<\/p><\/blockquote><\/figure>\n\n\n\n<p class=\"has-drop-cap\">La Fiscal\u00eda General de Justicia del Estado de M\u00e9xico (FGJEM), Javier Castellanos P\u00e9rez y Luis Miguel Ram\u00edrez Navarro, fueron condenados a 95 a\u00f1os de prisi\u00f3n luego de acreditarse su responsabilidad en el delito de secuestro que cause la muerte, en agravio de un comerciante.<br><\/p>\n\n\n\n<p>El d\u00eda 6 de septiembre del a\u00f1o 2018, ambos individuos, quienes se desempe\u00f1aban como elementos de la Direcci\u00f3n de Seguridad P\u00fablica de Nicol\u00e1s Romero, privaron de la libertad a un masculino y solicitaron a sus familiares una fuerte suma econ\u00f3mica a cambio de liberarlo. Posteriormente, d\u00edas despu\u00e9s lamentablemente la v\u00edctima fue hallada sin vida en el municipio de Isidro Fabela.<br><\/p>\n\n\n\n<p>El Agente del Ministerio P\u00fablico inici\u00f3 las investigaciones que permitieron identificar y detener a Javier Castellanos P\u00e9rez y Luis Miguel Ram\u00edrez Navarro como responsables de este secuestro, por ello fueron ingresados al Centro Penitenciario y de Reinserci\u00f3n Social de la zona, a disposici\u00f3n de un Juez.<br><\/p>\n\n\n\n<p>Las pruebas aportadas por esta Representaci\u00f3n Social fueron determinantes para que la Autoridad Judicial emitiera esta condena de 95 a\u00f1os de prisi\u00f3n contra los acusados, adem\u00e1s les fij\u00f3 multa de 1 mill\u00f3n 209 mil pesos, la reparaci\u00f3n de da\u00f1o material por 1 mill\u00f3n 700 mil pesos, as\u00ed como la suspensi\u00f3n de sus derechos civiles y pol\u00edticos.<\/p>\n","protected":false},"excerpt":{"rendered":"<p>Ambos individuos se desempe\u00f1aban como elementos de la polic\u00eda municipal de Nicol\u00e1s Romero cuando cometieron estos hechos. La Fiscal\u00eda General de Justicia del Estado de M\u00e9xico (FGJEM), Javier Castellanos P\u00e9rez y Luis Miguel Ram\u00edrez Navarro, fueron condenados a 95 a\u00f1os de prisi\u00f3n luego de acreditarse su responsabilidad en el delito de secuestro que cause la [&hellip;]<\/p>\n","protected":false},"author":1,"featured_media":70987,"comment_status":"closed","ping_status":"closed","sticky":false,"template":"","format":"standard","meta":{"footnotes":""},"categories":[36,37],"tags":[],"class_list":["post-70986","post","type-post","status-publish","format-standard","has-post-thumbnail","hentry","category-edomex","category-justicia"],"_links":{"self":[{"href":"https:\/\/elinformante.mx\/index.php?rest_route=\/wp\/v2\/posts\/70986","targetHints":{"allow":["GET"]}}],"collection":[{"href":"https:\/\/elinformante.mx\/index.php?rest_route=\/wp\/v2\/posts"}],"about":[{"href":"https:\/\/elinformante.mx\/index.php?rest_route=\/wp\/v2\/types\/post"}],"author":[{"embeddable":true,"href":"https:\/\/elinformante.mx\/index.php?rest_route=\/wp\/v2\/users\/1"}],"replies":[{"embeddable":true,"href":"https:\/\/elinformante.mx\/index.php?rest_route=%2Fwp%2Fv2%2Fcomments&post=70986"}],"version-history":[{"count":0,"href":"https:\/\/elinformante.mx\/index.php?rest_route=\/wp\/v2\/posts\/70986\/revisions"}],"wp:featuredmedia":[{"embeddable":true,"href":"https:\/\/elinformante.mx\/index.php?rest_route=\/wp\/v2\/media\/70987"}],"wp:attachment":[{"href":"https:\/\/elinformante.mx\/index.php?rest_route=%2Fwp%2Fv2%2Fmedia&parent=70986"}],"wp:term":[{"taxonomy":"category","embeddable":true,"href":"https:\/\/elinformante.mx\/index.php?rest_route=%2Fwp%2Fv2%2Fcategories&post=70986"},{"taxonomy":"post_tag","embeddable":true,"href":"https:\/\/elinformante.mx\/index.php?rest_route=%2Fwp%2Fv2%2Ftags&post=70986"}],"curies":[{"name":"wp","href":"https:\/\/api.w.org\/{rel}","templated":true}]}}