{"id":70989,"date":"2024-12-10T04:19:10","date_gmt":"2024-12-10T10:19:10","guid":{"rendered":"https:\/\/elinformante.mx\/?p=70989"},"modified":"2024-12-10T04:19:12","modified_gmt":"2024-12-10T10:19:12","slug":"detienen-a-sujeto-que-agredio-a-una-mujer-en-metepec","status":"publish","type":"post","link":"https:\/\/elinformante.mx\/?p=70989","title":{"rendered":"Detienen a sujeto que agredi\u00f3 a una mujer en Metepec"},"content":{"rendered":"\n<figure class=\"wp-block-pullquote\"><blockquote><p>Mediante una llamada al n\u00famero nacional de emergencias 9-1-1, personal del Centro de Mando atendi\u00f3 el reporte de auxilio.<\/p><\/blockquote><\/figure>\n\n\n\n<p class=\"has-drop-cap\">Elementos de la Secretar\u00eda de Seguridad del Estado de M\u00e9xico (SSEM) detuvieron a un probable implicado en el delito de violencia de g\u00e9nero, en agravio de una mujer, tras una llamada al 911.<br><\/p>\n\n\n\n<p>Personal del Centro de Control, Comando y Comunicaci\u00f3n, C\u00f3mputo y Calidad (C5) fue qui\u00e9n tuvo el conocimiento de la agresi\u00f3n contra una ciudadana, hecho ocurrido en la colonia Andr\u00e9s Molina Enr\u00edquez, por lo que de manera inmediata, se avis\u00f3 a polic\u00edas estatales en campo para su atenci\u00f3n.<br><\/p>\n\n\n\n<p>Efectivos hicieron presencia en el lugar; al arribar, establecieron contacto con la afectada, misma que denunci\u00f3 y se\u00f1al\u00f3 a un sujeto como su agresor, quien se encontraba metros adelante.<br><\/p>\n\n\n\n<p>Los oficiales detuvieron a Carlos \u201cN\u201d de 32 a\u00f1os de edad, para despu\u00e9s fue trasladado al Centro de Justicia para las Mujeres con sede en Toluca, donde se inici\u00f3 la carpeta de investigaci\u00f3n, a fin de determinar su situaci\u00f3n jur\u00eddica.<\/p>\n","protected":false},"excerpt":{"rendered":"<p>Mediante una llamada al n\u00famero nacional de emergencias 9-1-1, personal del Centro de Mando atendi\u00f3 el reporte de auxilio. Elementos de la Secretar\u00eda de Seguridad del Estado de M\u00e9xico (SSEM) detuvieron a un probable implicado en el delito de violencia de g\u00e9nero, en agravio de una mujer, tras una llamada al 911. Personal del Centro [&hellip;]<\/p>\n","protected":false},"author":1,"featured_media":70990,"comment_status":"closed","ping_status":"closed","sticky":false,"template":"","format":"standard","meta":{"footnotes":""},"categories":[30,36,37],"tags":[],"class_list":["post-70989","post","type-post","status-publish","format-standard","has-post-thumbnail","hentry","category-destacado","category-edomex","category-justicia"],"_links":{"self":[{"href":"https:\/\/elinformante.mx\/index.php?rest_route=\/wp\/v2\/posts\/70989","targetHints":{"allow":["GET"]}}],"collection":[{"href":"https:\/\/elinformante.mx\/index.php?rest_route=\/wp\/v2\/posts"}],"about":[{"href":"https:\/\/elinformante.mx\/index.php?rest_route=\/wp\/v2\/types\/post"}],"author":[{"embeddable":true,"href":"https:\/\/elinformante.mx\/index.php?rest_route=\/wp\/v2\/users\/1"}],"replies":[{"embeddable":true,"href":"https:\/\/elinformante.mx\/index.php?rest_route=%2Fwp%2Fv2%2Fcomments&post=70989"}],"version-history":[{"count":0,"href":"https:\/\/elinformante.mx\/index.php?rest_route=\/wp\/v2\/posts\/70989\/revisions"}],"wp:featuredmedia":[{"embeddable":true,"href":"https:\/\/elinformante.mx\/index.php?rest_route=\/wp\/v2\/media\/70990"}],"wp:attachment":[{"href":"https:\/\/elinformante.mx\/index.php?rest_route=%2Fwp%2Fv2%2Fmedia&parent=70989"}],"wp:term":[{"taxonomy":"category","embeddable":true,"href":"https:\/\/elinformante.mx\/index.php?rest_route=%2Fwp%2Fv2%2Fcategories&post=70989"},{"taxonomy":"post_tag","embeddable":true,"href":"https:\/\/elinformante.mx\/index.php?rest_route=%2Fwp%2Fv2%2Ftags&post=70989"}],"curies":[{"name":"wp","href":"https:\/\/api.w.org\/{rel}","templated":true}]}}