{"id":70994,"date":"2024-12-10T04:46:43","date_gmt":"2024-12-10T10:46:43","guid":{"rendered":"https:\/\/elinformante.mx\/?p=70994"},"modified":"2024-12-10T04:46:44","modified_gmt":"2024-12-10T10:46:44","slug":"presenta-ieem-cuadernillo-sobre-derechos-politicos-de-las-mujeres-en-el-ambito-electoral","status":"publish","type":"post","link":"https:\/\/elinformante.mx\/?p=70994","title":{"rendered":"Presenta IEEM cuadernillo sobre Derechos Pol\u00edticos de las Mujeres en el \u00e1mbito electoral"},"content":{"rendered":"\n<figure class=\"wp-block-pullquote\"><blockquote><p>La Consejera Presidenta del IEEM agreg\u00f3 que el documento es una reflexi\u00f3n acerca de las pr\u00e1cticas y prejuicios que a\u00fan persisten en las instituciones y sobre el rol que cada persona tiene en la construcci\u00f3n de sociedades m\u00e1s equitativas.<\/p><\/blockquote><\/figure>\n\n\n\n<p class=\"has-drop-cap\">Durante la Vig\u00e9sima Novena Sesi\u00f3n Ordinaria del Observatorio de Participaci\u00f3n Pol\u00edtica de las Mujeres en el Estado de M\u00e9xico (OPPMEM), la Consejera Presidenta del Instituto Electoral del Estado de M\u00e9xico (IEEM), Amalia Pulido G\u00f3mez, present\u00f3 el Cuadernillo Sobre Derechos Pol\u00edticos de las Mujeres en el \u00c1mbito Electoral. Al respecto asegur\u00f3 que el documento representa una herramienta para reflexionar y aprender sobre las barreras que hist\u00f3ricamente han excluido a las mujeres de la vida p\u00fablica.<br><\/p>\n\n\n\n<p>Detall\u00f3 que en \u00e9l se establecen ejemplos claros que permiten identificar, denunciar y, sobre todo erradicar, la violencia pol\u00edtica contra las mujeres en raz\u00f3n de g\u00e9nero. Asever\u00f3 que la igualdad sustantiva no es una meta opcional, sino una obligaci\u00f3n \u00e9tica y jur\u00eddica, y no basta con garantizar la igualdad de derechos en papel, pues es indispensable transformar las condiciones estructurales que han mantenido a las mujeres alejadas de los espacios de poder y toma de decisiones.<br><\/p>\n\n\n\n<p>Pulido G\u00f3mez explic\u00f3 que el Cuadernillo incluye las medidas que desde el IEEM se han implementado para este fin como son los Lineamientos para garantizar la postulaci\u00f3n e integraci\u00f3n paritaria e incluyente en los \u00f3rganos de elecci\u00f3n popular del Estado de M\u00e9xico, y el Reglamento para el registro paritario de candidaturas a los distintos cargos de elecci\u00f3n.<br><\/p>\n\n\n\n<p>La Consejera Presidenta del IEEM agreg\u00f3 que el documento es una reflexi\u00f3n acerca de las pr\u00e1cticas y prejuicios que a\u00fan persisten en las instituciones y sobre el rol que cada persona tiene en la construcci\u00f3n de sociedades m\u00e1s equitativas.<br><\/p>\n\n\n\n<p>En su intervenci\u00f3n, Pulido G\u00f3mez asegur\u00f3 que el documento representa una herramienta para reflexionar y aprender sobre las barreras que hist\u00f3ricamente han excluido a las mujeres de la vida p\u00fablica.<br><\/p>\n\n\n\n<p>Este documento fue desarrollado y publicado por la Unidad para la Coordinaci\u00f3n de los Trabajos de Igualdad de G\u00e9nero y Erradicaci\u00f3n de la Violencia Pol\u00edtica en Raz\u00f3n de G\u00e9nero el pasado 26 de noviembre en el marco de los 16 d\u00edas de activismo contra la violencia de g\u00e9nero.<br><\/p>\n\n\n\n<p>Por su parte, la Secretaria de las Mujeres, M\u00f3nica Ch\u00e1vez Dur\u00e1n, subray\u00f3 que a\u00fan persisten actitudes machistas que vulneran los derechos pol\u00edticos y humanos de las mujeres. Asegur\u00f3 que se debe continuar identificando necesidades espec\u00edficas y proponiendo soluciones para promover y garantizar estos derechos.<br><\/p>\n\n\n\n<p>La Magistrada Presidenta del Tribunal Electoral del Estado de M\u00e9xico (TEEM), Martha Patricia Tovar Pescador, present\u00f3 los resultados de las actividades del Tribunal a lo largo del a\u00f1o 2024. Destac\u00f3 que el \u00f3rgano jurisdiccional ha brindado una amplia protecci\u00f3n a los derechos pol\u00edtico-electorales de personas pertenecientes a grupos en situaci\u00f3n de vulnerabilidad, lo que ha favorecido su inclusi\u00f3n en los diversos \u00f3rganos de representaci\u00f3n pol\u00edtica de la entidad.<br><\/p>\n\n\n\n<p>Susana Munguia Fern\u00e1ndez, titular de la Unidad para la Coordinaci\u00f3n de Trabajos de Igualdad de G\u00e9nero y Erradicaci\u00f3n de la Violencia Pol\u00edtica en Raz\u00f3n de G\u00e9nero del IEEM, explic\u00f3 que el cuadernillo presentado en la Sesi\u00f3n es un recurso dise\u00f1ado para ofrecer una gu\u00eda pr\u00e1ctica y accesible sobre los principales instrumentos y normativas a nivel internacional, nacional y estatal que han contribuido a la defensa y ejercicio de los derechos pol\u00edticos de las mujeres.<\/p>\n","protected":false},"excerpt":{"rendered":"<p>La Consejera Presidenta del IEEM agreg\u00f3 que el documento es una reflexi\u00f3n acerca de las pr\u00e1cticas y prejuicios que a\u00fan persisten en las instituciones y sobre el rol que cada persona tiene en la construcci\u00f3n de sociedades m\u00e1s equitativas. Durante la Vig\u00e9sima Novena Sesi\u00f3n Ordinaria del Observatorio de Participaci\u00f3n Pol\u00edtica de las Mujeres en el [&hellip;]<\/p>\n","protected":false},"author":1,"featured_media":70995,"comment_status":"closed","ping_status":"closed","sticky":false,"template":"","format":"standard","meta":{"footnotes":""},"categories":[36],"tags":[],"class_list":["post-70994","post","type-post","status-publish","format-standard","has-post-thumbnail","hentry","category-edomex"],"_links":{"self":[{"href":"https:\/\/elinformante.mx\/index.php?rest_route=\/wp\/v2\/posts\/70994","targetHints":{"allow":["GET"]}}],"collection":[{"href":"https:\/\/elinformante.mx\/index.php?rest_route=\/wp\/v2\/posts"}],"about":[{"href":"https:\/\/elinformante.mx\/index.php?rest_route=\/wp\/v2\/types\/post"}],"author":[{"embeddable":true,"href":"https:\/\/elinformante.mx\/index.php?rest_route=\/wp\/v2\/users\/1"}],"replies":[{"embeddable":true,"href":"https:\/\/elinformante.mx\/index.php?rest_route=%2Fwp%2Fv2%2Fcomments&post=70994"}],"version-history":[{"count":0,"href":"https:\/\/elinformante.mx\/index.php?rest_route=\/wp\/v2\/posts\/70994\/revisions"}],"wp:featuredmedia":[{"embeddable":true,"href":"https:\/\/elinformante.mx\/index.php?rest_route=\/wp\/v2\/media\/70995"}],"wp:attachment":[{"href":"https:\/\/elinformante.mx\/index.php?rest_route=%2Fwp%2Fv2%2Fmedia&parent=70994"}],"wp:term":[{"taxonomy":"category","embeddable":true,"href":"https:\/\/elinformante.mx\/index.php?rest_route=%2Fwp%2Fv2%2Fcategories&post=70994"},{"taxonomy":"post_tag","embeddable":true,"href":"https:\/\/elinformante.mx\/index.php?rest_route=%2Fwp%2Fv2%2Ftags&post=70994"}],"curies":[{"name":"wp","href":"https:\/\/api.w.org\/{rel}","templated":true}]}}