{"id":70997,"date":"2024-12-10T04:59:23","date_gmt":"2024-12-10T10:59:23","guid":{"rendered":"https:\/\/elinformante.mx\/?p=70997"},"modified":"2024-12-10T04:59:24","modified_gmt":"2024-12-10T10:59:24","slug":"inaugura-pjedomex-el-edificio-acceso-a-la-justicia","status":"publish","type":"post","link":"https:\/\/elinformante.mx\/?p=70997","title":{"rendered":"Inaugura PJEdom\u00e9x el Edificio Acceso a la Justicia"},"content":{"rendered":"\n<figure class=\"wp-block-pullquote\"><blockquote><p>La administraci\u00f3n actual suma casi 90 mil metros cuadrados construidos para dar servicio a la entidad.<\/p><\/blockquote><\/figure>\n\n\n\n<p class=\"has-drop-cap\">El titular del Poder Judicial del Estado de M\u00e9xico, Ricardo Sodi Cuellar, inaugur\u00f3 el Edificio \u201cAcceso a la Justicia\u201d en Toluca, obra que fortalece las capacidades operativas de servicio institucional, evita desplazamientos y ahorra rentas. Al t\u00e9rmino de esta administraci\u00f3n sumar\u00e1n cerca de 90 mil metros cuadrados de construcci\u00f3n en toda la entidad, la mayor infraestructura desarrollada en las \u00faltimas d\u00e9cadas.<br><\/p>\n\n\n\n<p>Tras recorrer las nuevas instalaciones, cuya capacidad es para m\u00e1s de 350 personas entre usuarias y trabajadoras, el Magistrado Presidente indic\u00f3 que el compromiso es garantizar una justicia accesible y digna. Agreg\u00f3 que a esta obra se agregar\u00e1 el edificio de juzgados ubicado en Nicol\u00e1s San Juan, pr\u00f3ximo a inaugurarse, consolidando as\u00ed la Visi\u00f3n Prospectiva 2050 en el \u00e1mbito judicial.<br><\/p>\n\n\n\n<p>Sodi Cuellar indic\u00f3 que el crecimiento institucional del PJEdomex tambi\u00e9n se refleja en sus cifras: el n\u00famero de jueces por cada 100 mil habitantes pas\u00f3 de 2.6 a 2.8, mientras que la plantilla laboral creci\u00f3 de 4 mil 700 a m\u00e1s de 6 mil 400 colaboradores en cinco a\u00f1os, ratificando la expansi\u00f3n y profesionalizaci\u00f3n del Tribunal Superior de Justicia bajo una administraci\u00f3n comprometida con la excelencia.<br><\/p>\n\n\n\n<figure class=\"wp-block-image size-large\"><img fetchpriority=\"high\" decoding=\"async\" width=\"1024\" height=\"503\" src=\"https:\/\/elinformante.mx\/wp-content\/uploads\/2024\/12\/12pjedomex-2-1024x503.jpg\" alt=\"\" class=\"wp-image-70999\" srcset=\"https:\/\/elinformante.mx\/wp-content\/uploads\/2024\/12\/12pjedomex-2-1024x503.jpg 1024w, https:\/\/elinformante.mx\/wp-content\/uploads\/2024\/12\/12pjedomex-2-300x147.jpg 300w, https:\/\/elinformante.mx\/wp-content\/uploads\/2024\/12\/12pjedomex-2-768x377.jpg 768w, https:\/\/elinformante.mx\/wp-content\/uploads\/2024\/12\/12pjedomex-2.jpg 1140w\" sizes=\"(max-width: 1024px) 100vw, 1024px\" \/><\/figure>\n\n\n\n<p>Federico Silva Gonz\u00e1lez, Director de Construcci\u00f3n y Mantenimiento de Obra P\u00fablica del PJEdomex, explic\u00f3 que con una inversi\u00f3n de 375.15 millones de pesos, distribuidos en tres etapas desde 2022, el nuevo edificio cuenta con ocho niveles y una construcci\u00f3n de 9 mil 697.65 m\u00b2, integrando espacios dise\u00f1ados para la funcionalidad y la inclusi\u00f3n.<br><\/p>\n\n\n\n<p>El edificio tiene un s\u00f3tano que incluye dos cajones de estacionamiento para ambulancias, 29 cajones generales, dos para personas con discapacidad, cinco \u00e1reas para bicicletas, tres para motocicletas; arriba dos niveles m\u00e1s para estacionamiento. En la planta baja, se habilitaron oficinas clave como la Coordinaci\u00f3n General de Igualdad y Derechos Humanos, una sala de lactancia, recepci\u00f3n y sala de juntas. A partir del tercer nivel, destacan \u00e1reas como el Centro de evaluaci\u00f3n, su direcci\u00f3n, \u00e1reas administrativa y de vigilancia.<br><\/p>\n\n\n\n<p>En el siguiente nivel se ubican oficinas de la Direcci\u00f3n General de los Centros de Convivencia Familiar y la Coordinaci\u00f3n General de Comunicaci\u00f3n Social. En el quinto piso se encuentran la Coordinaci\u00f3n de Servicios Periciales, las Visitadur\u00edas en materia Familiar, Laboral, Penal y Civil &#8211; Mercantil. Mientras que, en el sexto piso se encuentra el Centro Estatal de Mediaci\u00f3n, Conciliaci\u00f3n y de Justicia Restaurativa, entre otros.<\/p>\n","protected":false},"excerpt":{"rendered":"<p>La administraci\u00f3n actual suma casi 90 mil metros cuadrados construidos para dar servicio a la entidad. El titular del Poder Judicial del Estado de M\u00e9xico, Ricardo Sodi Cuellar, inaugur\u00f3 el Edificio \u201cAcceso a la Justicia\u201d en Toluca, obra que fortalece las capacidades operativas de servicio institucional, evita desplazamientos y ahorra rentas. Al t\u00e9rmino de esta [&hellip;]<\/p>\n","protected":false},"author":1,"featured_media":70998,"comment_status":"closed","ping_status":"closed","sticky":false,"template":"","format":"standard","meta":{"footnotes":""},"categories":[30,36],"tags":[],"class_list":["post-70997","post","type-post","status-publish","format-standard","has-post-thumbnail","hentry","category-destacado","category-edomex"],"_links":{"self":[{"href":"https:\/\/elinformante.mx\/index.php?rest_route=\/wp\/v2\/posts\/70997","targetHints":{"allow":["GET"]}}],"collection":[{"href":"https:\/\/elinformante.mx\/index.php?rest_route=\/wp\/v2\/posts"}],"about":[{"href":"https:\/\/elinformante.mx\/index.php?rest_route=\/wp\/v2\/types\/post"}],"author":[{"embeddable":true,"href":"https:\/\/elinformante.mx\/index.php?rest_route=\/wp\/v2\/users\/1"}],"replies":[{"embeddable":true,"href":"https:\/\/elinformante.mx\/index.php?rest_route=%2Fwp%2Fv2%2Fcomments&post=70997"}],"version-history":[{"count":0,"href":"https:\/\/elinformante.mx\/index.php?rest_route=\/wp\/v2\/posts\/70997\/revisions"}],"wp:featuredmedia":[{"embeddable":true,"href":"https:\/\/elinformante.mx\/index.php?rest_route=\/wp\/v2\/media\/70998"}],"wp:attachment":[{"href":"https:\/\/elinformante.mx\/index.php?rest_route=%2Fwp%2Fv2%2Fmedia&parent=70997"}],"wp:term":[{"taxonomy":"category","embeddable":true,"href":"https:\/\/elinformante.mx\/index.php?rest_route=%2Fwp%2Fv2%2Fcategories&post=70997"},{"taxonomy":"post_tag","embeddable":true,"href":"https:\/\/elinformante.mx\/index.php?rest_route=%2Fwp%2Fv2%2Ftags&post=70997"}],"curies":[{"name":"wp","href":"https:\/\/api.w.org\/{rel}","templated":true}]}}