{"id":71005,"date":"2024-12-10T05:01:49","date_gmt":"2024-12-10T11:01:49","guid":{"rendered":"https:\/\/elinformante.mx\/?p=71005"},"modified":"2024-12-10T05:01:50","modified_gmt":"2024-12-10T11:01:50","slug":"deja-manuel-vilchis-el-pri-se-une-al-pvem","status":"publish","type":"post","link":"https:\/\/elinformante.mx\/?p=71005","title":{"rendered":"Deja Manuel Vilchis el PRI; se une al PVEM"},"content":{"rendered":"\n<figure class=\"wp-block-pullquote\"><blockquote><p>Asegura que en el proceso para pelear por su victoria electoral, el partido no lo apoy\u00f3.<\/p><\/blockquote><\/figure>\n\n\n\n<p class=\"has-drop-cap\">El presidente municipal de Zinacantepec, Manuel Vilchis, anunci\u00f3 que se suma al Partido Verde Ecologista de M\u00e9xico, dejando por consiguiente su militancia en el Partido Revolucionario Institucional (PRI).<br><\/p>\n\n\n\n<p>Vilchis Viveros explic\u00f3 que una de las razones de esta decisi\u00f3n es porque le \u201cregatearon\u201d su candidatura a la reelecci\u00f3n para encabezar el Ayuntamiento de dicha demarcaci\u00f3n el 2 de junio.<br><\/p>\n\n\n\n<p>\u201cLa amenaza y condicionamiento permanente de romper una propuesta democr\u00e1tica por el acuerdo entre c\u00fapulas, que por cierto caracteriz\u00f3 el proceso interno de selecci\u00f3n de candidatos 2023 y que en Zinacantepec no lo permitimos. La pol\u00edtica de exclusi\u00f3n ante las opiniones de an\u00e1lisis, lo anterior a pesar de los resultados electorales de la contienda pasada, en mi caso muy particular me fue regateada mi candidatura, y me insist\u00edan en que desistiera mi aspiraci\u00f3n para darle paso a sus amistades, no recib\u00ed ning\u00fan tipo de apoyo institucional\u201d, coment\u00f3 en conferencia de prensa.<br><\/p>\n\n\n\n<figure class=\"wp-block-image size-large\"><img fetchpriority=\"high\" decoding=\"async\" width=\"1024\" height=\"503\" src=\"https:\/\/elinformante.mx\/wp-content\/uploads\/2024\/12\/11vilchis-1024x503.jpg\" alt=\"\" class=\"wp-image-71007\" srcset=\"https:\/\/elinformante.mx\/wp-content\/uploads\/2024\/12\/11vilchis-1024x503.jpg 1024w, https:\/\/elinformante.mx\/wp-content\/uploads\/2024\/12\/11vilchis-300x147.jpg 300w, https:\/\/elinformante.mx\/wp-content\/uploads\/2024\/12\/11vilchis-768x377.jpg 768w, https:\/\/elinformante.mx\/wp-content\/uploads\/2024\/12\/11vilchis.jpg 1140w\" sizes=\"(max-width: 1024px) 100vw, 1024px\" \/><\/figure>\n\n\n\n<p>El tambi\u00e9n alcalde constitucional de Zinacantepec para el periodo 2025-2027 expuso que su decisi\u00f3n es personal, y que previamente ya le hab\u00eda comentado a algunos de los regidores que lo acompa\u00f1ar\u00e1n en el pr\u00f3ximo cabildo de esta demarcaci\u00f3n.<br><\/p>\n\n\n\n<p>\u201cTendr\u00e1n que entender por qu\u00e9 esto es por beneficio, yo tuve pl\u00e1ticas los d\u00edas pasados con ellos y les hice saber que todo lo que hemos venido haciendo es en beneficio de Zinacantepec, y as\u00ed va a seguir siendo\u201d, dijo.<br><\/p>\n\n\n\n<p>Durante el anuncio estuvo acompa\u00f1ado por el dirigente del Partido Verde en el Estado de M\u00e9xico, Jos\u00e9 Alberto Couttolenc Buentello, expres\u00f3 que m\u00e1s all\u00e1 de que Manuel Vilchis era militante del PRI, es un perfil y cuadro que se gener\u00f3 en la iniciativa privada.<br><\/p>\n\n\n\n<p>\u201cManuel es una persona honesta es una persona de trabajo es una persona de resultados y que viene m\u00e1s bien trabajando ya desde hace muchos a\u00f1os desde la iniciativa privada es un cuadro que cualquier partido quisiera tener\u201d, indic\u00f3.<\/p>\n","protected":false},"excerpt":{"rendered":"<p>Asegura que en el proceso para pelear por su victoria electoral, el partido no lo apoy\u00f3. El presidente municipal de Zinacantepec, Manuel Vilchis, anunci\u00f3 que se suma al Partido Verde Ecologista de M\u00e9xico, dejando por consiguiente su militancia en el Partido Revolucionario Institucional (PRI). Vilchis Viveros explic\u00f3 que una de las razones de esta decisi\u00f3n [&hellip;]<\/p>\n","protected":false},"author":1,"featured_media":71006,"comment_status":"closed","ping_status":"closed","sticky":false,"template":"","format":"standard","meta":{"footnotes":""},"categories":[30,36],"tags":[],"class_list":["post-71005","post","type-post","status-publish","format-standard","has-post-thumbnail","hentry","category-destacado","category-edomex"],"_links":{"self":[{"href":"https:\/\/elinformante.mx\/index.php?rest_route=\/wp\/v2\/posts\/71005","targetHints":{"allow":["GET"]}}],"collection":[{"href":"https:\/\/elinformante.mx\/index.php?rest_route=\/wp\/v2\/posts"}],"about":[{"href":"https:\/\/elinformante.mx\/index.php?rest_route=\/wp\/v2\/types\/post"}],"author":[{"embeddable":true,"href":"https:\/\/elinformante.mx\/index.php?rest_route=\/wp\/v2\/users\/1"}],"replies":[{"embeddable":true,"href":"https:\/\/elinformante.mx\/index.php?rest_route=%2Fwp%2Fv2%2Fcomments&post=71005"}],"version-history":[{"count":0,"href":"https:\/\/elinformante.mx\/index.php?rest_route=\/wp\/v2\/posts\/71005\/revisions"}],"wp:featuredmedia":[{"embeddable":true,"href":"https:\/\/elinformante.mx\/index.php?rest_route=\/wp\/v2\/media\/71006"}],"wp:attachment":[{"href":"https:\/\/elinformante.mx\/index.php?rest_route=%2Fwp%2Fv2%2Fmedia&parent=71005"}],"wp:term":[{"taxonomy":"category","embeddable":true,"href":"https:\/\/elinformante.mx\/index.php?rest_route=%2Fwp%2Fv2%2Fcategories&post=71005"},{"taxonomy":"post_tag","embeddable":true,"href":"https:\/\/elinformante.mx\/index.php?rest_route=%2Fwp%2Fv2%2Ftags&post=71005"}],"curies":[{"name":"wp","href":"https:\/\/api.w.org\/{rel}","templated":true}]}}