{"id":71033,"date":"2024-12-10T05:24:38","date_gmt":"2024-12-10T11:24:38","guid":{"rendered":"https:\/\/elinformante.mx\/?p=71033"},"modified":"2024-12-10T05:24:39","modified_gmt":"2024-12-10T11:24:39","slug":"alcaldias-en-cdmx-contaran-con-pistas-de-hielo-y-villas-navidenas","status":"publish","type":"post","link":"https:\/\/elinformante.mx\/?p=71033","title":{"rendered":"Alcald\u00edas en CDMX contar\u00e1n con pistas de hielo y villas navide\u00f1as"},"content":{"rendered":"\n<figure class=\"wp-block-pullquote\"><blockquote><p>Varias actividades ser\u00e1n gratuitas y se busca que las familias celebren en esta temporada navide\u00f1a.<\/p><\/blockquote><\/figure>\n\n\n\n<p class=\"has-drop-cap\">Las alcald\u00edas de la CDMX se encuentran organizando diversas actividades como encendidos de \u00e1rboles, posadas, pistas de patinaje y sesiones fotogr\u00e1ficas con Santa Claus.<br><\/p>\n\n\n\n<p>Adem\u00e1s en el Z\u00f3calo de la CDMX tambi\u00e9n se desarrollar\u00e1 una verbena, buscando que las familias capitalinas disfruten de esta temporada.<br><\/p>\n\n\n\n<p>En Xochimilco se inaugur\u00f3 la primera villa navide\u00f1a en el Centro Hist\u00f3rico, brindando a las familias la oportunidad de disfrutar de un majestuoso \u00e1rbol de Navidad, una pista de patinaje, un tobog\u00e1n y diversas sorpresas. Se llevar\u00e1 a cabo una actualizaci\u00f3n de los eventos y actividades en las alcald\u00edas con el objetivo de fomentar la participaci\u00f3n familiar.<br><\/p>\n\n\n\n<figure class=\"wp-block-image size-large\"><img fetchpriority=\"high\" decoding=\"async\" width=\"1024\" height=\"503\" src=\"https:\/\/elinformante.mx\/wp-content\/uploads\/2024\/12\/6alcaldias-2-1024x503.jpg\" alt=\"\" class=\"wp-image-71035\" srcset=\"https:\/\/elinformante.mx\/wp-content\/uploads\/2024\/12\/6alcaldias-2-1024x503.jpg 1024w, https:\/\/elinformante.mx\/wp-content\/uploads\/2024\/12\/6alcaldias-2-300x147.jpg 300w, https:\/\/elinformante.mx\/wp-content\/uploads\/2024\/12\/6alcaldias-2-768x377.jpg 768w, https:\/\/elinformante.mx\/wp-content\/uploads\/2024\/12\/6alcaldias-2.jpg 1140w\" sizes=\"(max-width: 1024px) 100vw, 1024px\" \/><\/figure>\n\n\n\n<p>La alcald\u00eda Gustavo A. Madero ha inaugurado una villa navide\u00f1a con una pista de hielo como atracci\u00f3n principal. Est\u00e1 abierta de lunes a jueves de 16 a 21 horas y los fines de semana de 16 a 22 horas, excepto los d\u00edas 10, 11, 24 y 31 de diciembre. La ubicaci\u00f3n es en la explanada de la demarcaci\u00f3n, en 5 de febrero s\/n, Villa Gustavo A. Madero.<br><\/p>\n\n\n\n<p>La pista de hielo del Polit\u00e9cnico en Ciudad de M\u00e9xico abri\u00f3 el 6 de diciembre de 2024 a las 13 horas. La entrada es gratuita, pero solo para estudiantes y personal del Instituto Polit\u00e9cnico Nacional, quienes deben prerregistrarse y comprometerse a cuidar las instalaciones y respetar las normas.<br><\/p>\n\n\n\n<p>El 13 de diciembre se inaugurar\u00e1 una pista de hielo en el Deportivo Pav\u00f3n, ubicado en Lago Trasimeno s\/n, Pensil Nte., alcald\u00eda Miguel Hidalgo, Ciudad de M\u00e9xico.<\/p>\n","protected":false},"excerpt":{"rendered":"<p>Varias actividades ser\u00e1n gratuitas y se busca que las familias celebren en esta temporada navide\u00f1a. Las alcald\u00edas de la CDMX se encuentran organizando diversas actividades como encendidos de \u00e1rboles, posadas, pistas de patinaje y sesiones fotogr\u00e1ficas con Santa Claus. Adem\u00e1s en el Z\u00f3calo de la CDMX tambi\u00e9n se desarrollar\u00e1 una verbena, buscando que las familias [&hellip;]<\/p>\n","protected":false},"author":1,"featured_media":71034,"comment_status":"closed","ping_status":"closed","sticky":false,"template":"","format":"standard","meta":{"footnotes":""},"categories":[35],"tags":[],"class_list":["post-71033","post","type-post","status-publish","format-standard","has-post-thumbnail","hentry","category-cdmx"],"_links":{"self":[{"href":"https:\/\/elinformante.mx\/index.php?rest_route=\/wp\/v2\/posts\/71033","targetHints":{"allow":["GET"]}}],"collection":[{"href":"https:\/\/elinformante.mx\/index.php?rest_route=\/wp\/v2\/posts"}],"about":[{"href":"https:\/\/elinformante.mx\/index.php?rest_route=\/wp\/v2\/types\/post"}],"author":[{"embeddable":true,"href":"https:\/\/elinformante.mx\/index.php?rest_route=\/wp\/v2\/users\/1"}],"replies":[{"embeddable":true,"href":"https:\/\/elinformante.mx\/index.php?rest_route=%2Fwp%2Fv2%2Fcomments&post=71033"}],"version-history":[{"count":0,"href":"https:\/\/elinformante.mx\/index.php?rest_route=\/wp\/v2\/posts\/71033\/revisions"}],"wp:featuredmedia":[{"embeddable":true,"href":"https:\/\/elinformante.mx\/index.php?rest_route=\/wp\/v2\/media\/71034"}],"wp:attachment":[{"href":"https:\/\/elinformante.mx\/index.php?rest_route=%2Fwp%2Fv2%2Fmedia&parent=71033"}],"wp:term":[{"taxonomy":"category","embeddable":true,"href":"https:\/\/elinformante.mx\/index.php?rest_route=%2Fwp%2Fv2%2Fcategories&post=71033"},{"taxonomy":"post_tag","embeddable":true,"href":"https:\/\/elinformante.mx\/index.php?rest_route=%2Fwp%2Fv2%2Ftags&post=71033"}],"curies":[{"name":"wp","href":"https:\/\/api.w.org\/{rel}","templated":true}]}}