{"id":71037,"date":"2024-12-10T05:27:17","date_gmt":"2024-12-10T11:27:17","guid":{"rendered":"https:\/\/elinformante.mx\/?p=71037"},"modified":"2024-12-10T05:27:19","modified_gmt":"2024-12-10T11:27:19","slug":"se-incendio-un-establecimiento-en-una-plaza-de-polanco","status":"publish","type":"post","link":"https:\/\/elinformante.mx\/?p=71037","title":{"rendered":"Se incendi\u00f3 un establecimiento en una plaza de Polanco"},"content":{"rendered":"\n<figure class=\"wp-block-pullquote\"><blockquote><p>Se gener\u00f3 el incidente en \u201cEl Farolito\u201d, de donde se evacuaron a 1500 personas.<\/p><\/blockquote><\/figure>\n\n\n\n<p class=\"has-drop-cap\">Al mediod\u00eda del lunes se registr\u00f3 un incendio en el restaurante El Farolito, ubicado en el centro comercial Miyana, en Polanco, alcald\u00eda Miguel Hidalgo.<br><\/p>\n\n\n\n<p>Fue el cuerpo de bomberos de la Ciudad de M\u00e9xico quien inform\u00f3 en su cuenta de X que el fuego fue provocado por cochambre quemado en la campana de la cocina del restaurante. \u201cInformamos que al interior del restaurante \u2018El Farolito\u2019 se quem\u00f3 cochambre en una campana\u201d.<br><\/p>\n\n\n\n<figure class=\"wp-block-image size-large\"><img fetchpriority=\"high\" decoding=\"async\" width=\"1024\" height=\"503\" src=\"https:\/\/elinformante.mx\/wp-content\/uploads\/2024\/12\/6se-incendio-2-1024x503.jpg\" alt=\"\" class=\"wp-image-71039\" srcset=\"https:\/\/elinformante.mx\/wp-content\/uploads\/2024\/12\/6se-incendio-2-1024x503.jpg 1024w, https:\/\/elinformante.mx\/wp-content\/uploads\/2024\/12\/6se-incendio-2-300x147.jpg 300w, https:\/\/elinformante.mx\/wp-content\/uploads\/2024\/12\/6se-incendio-2-768x377.jpg 768w, https:\/\/elinformante.mx\/wp-content\/uploads\/2024\/12\/6se-incendio-2.jpg 1140w\" sizes=\"(max-width: 1024px) 100vw, 1024px\" \/><\/figure>\n\n\n\n<p>La Secretar\u00eda de Gesti\u00f3n Integral de Riesgos y Protecci\u00f3n Civil de la Ciudad de M\u00e9xico se\u00f1al\u00f3 que durante los trabajos de sofocaci\u00f3n se evacuaron a mil 500 personas y dos personas fueron atendidas por param\u00e9dicos de la Cruz Roja al presentar crisis nerviosa.<br><\/p>\n\n\n\n<p>Con este incendio, el centro comercial Plaza Miyana se mantiene en la conversaci\u00f3n p\u00fablica luego de que la semana pasada, el 4 de diciembre, Jes\u00fas \u201cChucho\u201d P\u00e9rez Alvear, fue asesinado dentro del restaurante El Baj\u00edo en esa plaza; el asesinado estar\u00eda relacionado con el C\u00e1rtel Jalisco Nueva Generaci\u00f3n (CJNG), lo que gener\u00f3 revuelo en redes sociales.<\/p>\n","protected":false},"excerpt":{"rendered":"<p>Se gener\u00f3 el incidente en \u201cEl Farolito\u201d, de donde se evacuaron a 1500 personas. Al mediod\u00eda del lunes se registr\u00f3 un incendio en el restaurante El Farolito, ubicado en el centro comercial Miyana, en Polanco, alcald\u00eda Miguel Hidalgo. Fue el cuerpo de bomberos de la Ciudad de M\u00e9xico quien inform\u00f3 en su cuenta de X [&hellip;]<\/p>\n","protected":false},"author":1,"featured_media":71038,"comment_status":"closed","ping_status":"closed","sticky":false,"template":"","format":"standard","meta":{"footnotes":""},"categories":[35,30],"tags":[],"class_list":["post-71037","post","type-post","status-publish","format-standard","has-post-thumbnail","hentry","category-cdmx","category-destacado"],"_links":{"self":[{"href":"https:\/\/elinformante.mx\/index.php?rest_route=\/wp\/v2\/posts\/71037","targetHints":{"allow":["GET"]}}],"collection":[{"href":"https:\/\/elinformante.mx\/index.php?rest_route=\/wp\/v2\/posts"}],"about":[{"href":"https:\/\/elinformante.mx\/index.php?rest_route=\/wp\/v2\/types\/post"}],"author":[{"embeddable":true,"href":"https:\/\/elinformante.mx\/index.php?rest_route=\/wp\/v2\/users\/1"}],"replies":[{"embeddable":true,"href":"https:\/\/elinformante.mx\/index.php?rest_route=%2Fwp%2Fv2%2Fcomments&post=71037"}],"version-history":[{"count":0,"href":"https:\/\/elinformante.mx\/index.php?rest_route=\/wp\/v2\/posts\/71037\/revisions"}],"wp:featuredmedia":[{"embeddable":true,"href":"https:\/\/elinformante.mx\/index.php?rest_route=\/wp\/v2\/media\/71038"}],"wp:attachment":[{"href":"https:\/\/elinformante.mx\/index.php?rest_route=%2Fwp%2Fv2%2Fmedia&parent=71037"}],"wp:term":[{"taxonomy":"category","embeddable":true,"href":"https:\/\/elinformante.mx\/index.php?rest_route=%2Fwp%2Fv2%2Fcategories&post=71037"},{"taxonomy":"post_tag","embeddable":true,"href":"https:\/\/elinformante.mx\/index.php?rest_route=%2Fwp%2Fv2%2Ftags&post=71037"}],"curies":[{"name":"wp","href":"https:\/\/api.w.org\/{rel}","templated":true}]}}