{"id":71041,"date":"2024-12-10T05:28:24","date_gmt":"2024-12-10T11:28:24","guid":{"rendered":"https:\/\/elinformante.mx\/?p=71041"},"modified":"2024-12-10T05:28:29","modified_gmt":"2024-12-10T11:28:29","slug":"se-graduan-tres-generaciones-de-la-universidad-de-la-policia-en-la-cdmx","status":"publish","type":"post","link":"https:\/\/elinformante.mx\/?p=71041","title":{"rendered":"Se grad\u00faan Tres Generaciones de la Universidad de la Polic\u00eda en la CDMX"},"content":{"rendered":"\n<figure class=\"wp-block-pullquote\"><blockquote><p>Entre los egresados hay mayor n\u00famero de mujeres, lo cual \u201ces una muestra de que se van anulando esas barreras que impiden que las mujeres salgan adelante\u201d<\/p><\/blockquote><\/figure>\n\n\n\n<p class=\"has-drop-cap\">En las instalaciones de la Universidad de la Polic\u00eda de esta capital (UNIPOL), la jefa de gobierno, Clara Brugada Molina, encabez\u00f3 la Graduaci\u00f3n de tres Generaciones: la \u201c291\u201d, con Perfil Preventivo; la \u201c292\u201d, con Perfil Investigador, y la \u201c05\u201d, con Perfil Custodio Penitenciario, y ante las y los cadetes reci\u00e9n egresados asegur\u00f3 que la Ciudad de M\u00e9xico cuenta con la mejor Polic\u00eda del pa\u00eds.<br><\/p>\n\n\n\n<p>Son 463 hombres y mujeres que grad\u00faan y que asumen las tareas m\u00e1s importantes que tiene la Ciudad de M\u00e9xico: cuidar a la poblaci\u00f3n, garantizar que esta ciudad sea una ciudad pac\u00edfica; 296 de ustedes como polic\u00edas, 117 egresados como analistas t\u00e1ctico-investigadores, y 50 como polic\u00edas penitenciarios.<br><\/p>\n\n\n\n<figure class=\"wp-block-image size-large\"><img fetchpriority=\"high\" decoding=\"async\" width=\"1024\" height=\"503\" src=\"https:\/\/elinformante.mx\/wp-content\/uploads\/2024\/12\/5graduan-1024x503.jpeg\" alt=\"\" class=\"wp-image-71043\" srcset=\"https:\/\/elinformante.mx\/wp-content\/uploads\/2024\/12\/5graduan-1024x503.jpeg 1024w, https:\/\/elinformante.mx\/wp-content\/uploads\/2024\/12\/5graduan-300x147.jpeg 300w, https:\/\/elinformante.mx\/wp-content\/uploads\/2024\/12\/5graduan-768x377.jpeg 768w, https:\/\/elinformante.mx\/wp-content\/uploads\/2024\/12\/5graduan.jpeg 1140w\" sizes=\"(max-width: 1024px) 100vw, 1024px\" \/><\/figure>\n\n\n\n<p>Es destacable que dentro de la plantilla de graduados hay mayor n\u00famero de mujeres, lo cual \u201ces una muestra de que se van anulando esas barreras que impiden que las mujeres salgan adelante\u201d.<br><\/p>\n\n\n\n<p>El secretario de Seguridad Ciudadana, Pablo V\u00e1zquez Camacho, felicit\u00f3 a los 463 nuevos efectivos de seguridad de las generaciones 291 con perfil preventivo, 292 con perfil investigador y 5 con perfil de seguridad penitenciaria, que hoy entregan su vida al servicio p\u00fablico y asumen con responsabilidad la noble tarea de proteger la vida y la integridad de las y los ciudadanos.<br><\/p>\n\n\n\n<p>\u201cCon profundo orgullo, hoy la Polic\u00eda de la Ciudad de M\u00e9xico les recibe y suma a su fuerza de m\u00e1s de 8 mil elementos a 463 nuevas y nuevos polic\u00edas, todas y todos ellos j\u00f3venes quienes refrendan diariamente su amor a la patria uni\u00e9ndose a las labores operativas que realiza de manera permanente nuestra instituci\u00f3n\u201d, expres\u00f3<\/p>\n","protected":false},"excerpt":{"rendered":"<p>Entre los egresados hay mayor n\u00famero de mujeres, lo cual \u201ces una muestra de que se van anulando esas barreras que impiden que las mujeres salgan adelante\u201d En las instalaciones de la Universidad de la Polic\u00eda de esta capital (UNIPOL), la jefa de gobierno, Clara Brugada Molina, encabez\u00f3 la Graduaci\u00f3n de tres Generaciones: la \u201c291\u201d, [&hellip;]<\/p>\n","protected":false},"author":1,"featured_media":71042,"comment_status":"closed","ping_status":"closed","sticky":false,"template":"","format":"standard","meta":{"footnotes":""},"categories":[35],"tags":[],"class_list":["post-71041","post","type-post","status-publish","format-standard","has-post-thumbnail","hentry","category-cdmx"],"_links":{"self":[{"href":"https:\/\/elinformante.mx\/index.php?rest_route=\/wp\/v2\/posts\/71041","targetHints":{"allow":["GET"]}}],"collection":[{"href":"https:\/\/elinformante.mx\/index.php?rest_route=\/wp\/v2\/posts"}],"about":[{"href":"https:\/\/elinformante.mx\/index.php?rest_route=\/wp\/v2\/types\/post"}],"author":[{"embeddable":true,"href":"https:\/\/elinformante.mx\/index.php?rest_route=\/wp\/v2\/users\/1"}],"replies":[{"embeddable":true,"href":"https:\/\/elinformante.mx\/index.php?rest_route=%2Fwp%2Fv2%2Fcomments&post=71041"}],"version-history":[{"count":0,"href":"https:\/\/elinformante.mx\/index.php?rest_route=\/wp\/v2\/posts\/71041\/revisions"}],"wp:featuredmedia":[{"embeddable":true,"href":"https:\/\/elinformante.mx\/index.php?rest_route=\/wp\/v2\/media\/71042"}],"wp:attachment":[{"href":"https:\/\/elinformante.mx\/index.php?rest_route=%2Fwp%2Fv2%2Fmedia&parent=71041"}],"wp:term":[{"taxonomy":"category","embeddable":true,"href":"https:\/\/elinformante.mx\/index.php?rest_route=%2Fwp%2Fv2%2Fcategories&post=71041"},{"taxonomy":"post_tag","embeddable":true,"href":"https:\/\/elinformante.mx\/index.php?rest_route=%2Fwp%2Fv2%2Ftags&post=71041"}],"curies":[{"name":"wp","href":"https:\/\/api.w.org\/{rel}","templated":true}]}}