{"id":71045,"date":"2024-12-10T05:30:41","date_gmt":"2024-12-10T11:30:41","guid":{"rendered":"https:\/\/elinformante.mx\/?p=71045"},"modified":"2024-12-10T05:53:08","modified_gmt":"2024-12-10T11:53:08","slug":"clara-brugada-pone-en-marcha-estrategia-de-entornos-seguros-en-secundarias-bachilleratos-y-universidades","status":"publish","type":"post","link":"https:\/\/elinformante.mx\/?p=71045","title":{"rendered":"Clara Brugada pone en marcha estrategia de entornos seguros en secundarias, bachilleratos y universidades"},"content":{"rendered":"\n<figure class=\"wp-block-pullquote\"><blockquote><p>Se instalar\u00e1 un gabinete de Paz y Seguridad con las autoridades de 626 planteles escolares p\u00fablicos y privados. El programa de acci\u00f3n contempla un eje de seis tareas integrales para generar paz y seguridad<\/p><\/blockquote><\/figure>\n\n\n\n<p class=\"has-drop-cap\">La jefa de Gobierno de la Ciudad de M\u00e9xico, Clara Brugada Molina, anunci\u00f3 una estrategia de seis puntos que permitir\u00e1n declarar a las escuelas como espacios libres de violencia, y, para ello, instal\u00f3 el Gabinete para el Programa Paz y Seguridad en las Escuelas Secundarias, Preparatorias y Universidades p\u00fablicas y privadas de la capital.<br><\/p>\n\n\n\n<p>Durante el evento, realizado en el Antiguo Palacio del Ayuntamiento, la mandataria capitalina explic\u00f3 que para lograr tal objetivo se contempla la instalaci\u00f3n de un Gabinete de Paz y Seguridad con las autoridades de 626 planteles escolares de universidades, escuelas de nivel medio superior y secundarias p\u00fablicas.<br><\/p>\n\n\n\n<p>El programa de acci\u00f3n incluye seis tareas espec\u00edficas, entre ellas, un plan de auxilio escolar, que consiste en tener a un servidor p\u00fablico en la salida de cada plantel para que, en caso de haber un problema a la hora de la salida, se llame inmediatamente a una patrulla.<br><\/p>\n\n\n\n<p>Se crear\u00e1n caminos seguros y libres de violencia para los turnos matutinos y vespertinos en las escuelas; adem\u00e1s, personal de la Secretar\u00eda de Seguridad Ciudadana (SSC) tendr\u00e1 un c\u00f3digo de alerta para la hora de salida de todas estas escuelas, a fin de actuar de forma inmediata.<br><\/p>\n\n\n\n<p>La cuarta acci\u00f3n que anunci\u00f3 la mandataria, contempla la instalaci\u00f3n de videoc\u00e1maras en los 626 planteles escolares, las cuales estar\u00e1n conectadas al C5. En el caso de las universidades privadas que ya cuentan con estas, ser\u00e1n vinculadas al mismo.<br><\/p>\n\n\n\n<p>Los representantes de cada escuela propondr\u00e1n su plan de seguridad interna y externa, el cual se coordinar\u00e1 con las autoridades de las 16 alcald\u00edas.<br><\/p>\n\n\n\n<p>En cuanto al Gabinete para el Programa Paz y Seguridad en las Escuelas Secundarias, Preparatorias y Universidades p\u00fablicas y privadas de la capital, la Jefa de Gobierno precis\u00f3 que sus integrantes se reunir\u00e1n trimestralmente para evaluar los avances, y cada mes se reunir\u00e1n en las distintas alcald\u00edas para ir avanzando en las solicitudes, propuestas y problemas que se tengan. Adem\u00e1s, cada tres meses habr\u00e1 una reuni\u00f3n a nivel estatal\u201d, anunci\u00f3.<br><\/p>\n\n\n\n<p>El secretario de Seguridad Ciudadana, Pablo V\u00e1zquez Camacho, destac\u00f3 que hasta la fecha se ha brindado atenci\u00f3n a m\u00e1s de 2 mil 500 planteles educativos en la ciudad, con un enfoque especial en estudiantes de nivel medio y medio superior. Esto ha contribuido a una reducci\u00f3n del 56 por ciento en delitos de alto impacto desde 2019.<br><\/p>\n\n\n\n<p>Destac\u00f3 que con el nuevo programa m\u00e1s de 300 elementos realizar\u00e1n sesiones informativas para estudiantes sobre temas como sensibilizaci\u00f3n de riesgos en fiestas juveniles irregulares; prevenci\u00f3n de la violencia contra las mujeres; efectos del mal uso de internet y riesgos de videojuegos en l\u00ednea; as\u00ed como prevenci\u00f3n de conductas suicidas, entre otros.<br><\/p>\n\n\n\n<p>El personal de prevenci\u00f3n policial estar\u00e1 en contacto con monitores escolares para atender emergencias y delitos, y se contar\u00e1 con c\u00e9lulas del Escuadr\u00f3n de Rescate y Urgencias M\u00e9dicas (ERUM) para responder ante eventuales crisis de salud.<\/p>\n","protected":false},"excerpt":{"rendered":"<p>Se instalar\u00e1 un gabinete de Paz y Seguridad con las autoridades de 626 planteles escolares p\u00fablicos y privados. El programa de acci\u00f3n contempla un eje de seis tareas integrales para generar paz y seguridad La jefa de Gobierno de la Ciudad de M\u00e9xico, Clara Brugada Molina, anunci\u00f3 una estrategia de seis puntos que permitir\u00e1n declarar [&hellip;]<\/p>\n","protected":false},"author":1,"featured_media":71046,"comment_status":"closed","ping_status":"closed","sticky":false,"template":"","format":"standard","meta":{"footnotes":""},"categories":[35,30],"tags":[],"class_list":["post-71045","post","type-post","status-publish","format-standard","has-post-thumbnail","hentry","category-cdmx","category-destacado"],"_links":{"self":[{"href":"https:\/\/elinformante.mx\/index.php?rest_route=\/wp\/v2\/posts\/71045","targetHints":{"allow":["GET"]}}],"collection":[{"href":"https:\/\/elinformante.mx\/index.php?rest_route=\/wp\/v2\/posts"}],"about":[{"href":"https:\/\/elinformante.mx\/index.php?rest_route=\/wp\/v2\/types\/post"}],"author":[{"embeddable":true,"href":"https:\/\/elinformante.mx\/index.php?rest_route=\/wp\/v2\/users\/1"}],"replies":[{"embeddable":true,"href":"https:\/\/elinformante.mx\/index.php?rest_route=%2Fwp%2Fv2%2Fcomments&post=71045"}],"version-history":[{"count":0,"href":"https:\/\/elinformante.mx\/index.php?rest_route=\/wp\/v2\/posts\/71045\/revisions"}],"wp:featuredmedia":[{"embeddable":true,"href":"https:\/\/elinformante.mx\/index.php?rest_route=\/wp\/v2\/media\/71046"}],"wp:attachment":[{"href":"https:\/\/elinformante.mx\/index.php?rest_route=%2Fwp%2Fv2%2Fmedia&parent=71045"}],"wp:term":[{"taxonomy":"category","embeddable":true,"href":"https:\/\/elinformante.mx\/index.php?rest_route=%2Fwp%2Fv2%2Fcategories&post=71045"},{"taxonomy":"post_tag","embeddable":true,"href":"https:\/\/elinformante.mx\/index.php?rest_route=%2Fwp%2Fv2%2Ftags&post=71045"}],"curies":[{"name":"wp","href":"https:\/\/api.w.org\/{rel}","templated":true}]}}