{"id":71060,"date":"2024-12-10T05:43:13","date_gmt":"2024-12-10T11:43:13","guid":{"rendered":"https:\/\/elinformante.mx\/?p=71060"},"modified":"2024-12-10T05:43:14","modified_gmt":"2024-12-10T11:43:14","slug":"errores-en-el-registro-de-aspirantes-a-jueces-y-magistrados","status":"publish","type":"post","link":"https:\/\/elinformante.mx\/?p=71060","title":{"rendered":"ERRORES EN EL REGISTRO DE ASPIRANTES A JUECES Y MAGISTRADOS"},"content":{"rendered":"\n<figure class=\"wp-block-pullquote\"><blockquote><p><strong>Por: Eliseo Rosales \u00c1valos<\/strong><br>El Comit\u00e9 de Evaluaci\u00f3n del Poder Legislativo Federal present\u00f3 un listado preliminar de aspirantes para el proceso electoral extraordinario de 2025, pero se detectaron duplicados en las solicitudes. Este error afecta la transparencia del proceso, al generar dudas sobre la selecci\u00f3n de jueces y magistrados.<\/p><\/blockquote><\/figure>\n\n\n\n<p class=\"has-drop-cap\">El Comit\u00e9 de Evaluaci\u00f3n del Poder Legislativo Federal (CEPL) dio a conocer el listado preliminar de aspirantes registrados, quienes buscan participar en el proceso electoral extraordinario de junio de 2025 para elegir a juezas, jueces, ministras, ministros, magistradas y magistrados.<br><\/p>\n\n\n\n<p>El 24 de noviembre concluy\u00f3 el registro de aspirantes con 11,646 solicitudes, a trav\u00e9s del sitio oficial del Comit\u00e9 de Evaluaci\u00f3n del Poder Legislativo Federal y 258 expedientes recibidos en la Oficial\u00eda de Partes del Poder Legislativo. Adem\u00e1s, el CEPL recibi\u00f3 15,242 e-mails.<br><\/p>\n\n\n\n<p>Uno de los errores m\u00e1s notables del comit\u00e9 de evaluaci\u00f3n en el registro de jueces y magistrados ha sido la aparici\u00f3n de duplicados en la lista de aspirantes.<br><\/p>\n\n\n\n<p>El comit\u00e9 de evaluaci\u00f3n indic\u00f3 que problemas t\u00e9cnicos en el sistema de registro pueden permitir la creaci\u00f3n de entradas duplicadas. Una verificaci\u00f3n inadecuada de la informaci\u00f3n ingresada por los aspirantes puede resultar en la aceptaci\u00f3n de registros duplicados y los errores cometidos por los aspirantes al ingresar sus datos o por el personal encargado de revisar las solicitudes pueden contribuir a la duplicaci\u00f3n.<br><\/p>\n\n\n\n<p>A pesar de ellos el Comit\u00e9 de Evaluaci\u00f3n del Poder Legislativo Federal tiene la obligaci\u00f3n constitucional de seleccionar los perfiles mejores calificados para ocupar los cargos y de publicar la lista definitiva el 14 de diciembre. \u00bfCu\u00e1l es la prisa? Sobre todo si saben que caminan en un campo minado.<br><\/p>\n\n\n\n<p>La aparici\u00f3n de duplicados en la lista de aspirantes para jueces y magistrados es un problema que afecta la transparencia y eficiencia del proceso de selecci\u00f3n. Es fundamental que el comit\u00e9 de evaluaci\u00f3n implemente medidas adecuadas para prevenir y corregir estos errores, al asegurar un proceso justo y equitativo para todos los candidatos.<br><\/p>\n\n\n\n<p>Querido lector, un pol\u00e9mico proceso de elecci\u00f3n de jueces y magistrados que nace manchado por la decisi\u00f3n del comit\u00e9 de evaluaci\u00f3n de dar a conocer las listas preliminares abona a las dudas sobre el proceso. Esperamos por el bien de los ciudadanos que el comit\u00e9 no se tome a ligera su trabajo. Hasta la pr\u00f3xima.<\/p>\n","protected":false},"excerpt":{"rendered":"<p>Por: Eliseo Rosales \u00c1valosEl Comit\u00e9 de Evaluaci\u00f3n del Poder Legislativo Federal present\u00f3 un listado preliminar de aspirantes para el proceso electoral extraordinario de 2025, pero se detectaron duplicados en las solicitudes. Este error afecta la transparencia del proceso, al generar dudas sobre la selecci\u00f3n de jueces y magistrados. El Comit\u00e9 de Evaluaci\u00f3n del Poder Legislativo [&hellip;]<\/p>\n","protected":false},"author":1,"featured_media":71061,"comment_status":"closed","ping_status":"closed","sticky":false,"template":"","format":"standard","meta":{"footnotes":""},"categories":[32],"tags":[],"class_list":["post-71060","post","type-post","status-publish","format-standard","has-post-thumbnail","hentry","category-editorial"],"_links":{"self":[{"href":"https:\/\/elinformante.mx\/index.php?rest_route=\/wp\/v2\/posts\/71060","targetHints":{"allow":["GET"]}}],"collection":[{"href":"https:\/\/elinformante.mx\/index.php?rest_route=\/wp\/v2\/posts"}],"about":[{"href":"https:\/\/elinformante.mx\/index.php?rest_route=\/wp\/v2\/types\/post"}],"author":[{"embeddable":true,"href":"https:\/\/elinformante.mx\/index.php?rest_route=\/wp\/v2\/users\/1"}],"replies":[{"embeddable":true,"href":"https:\/\/elinformante.mx\/index.php?rest_route=%2Fwp%2Fv2%2Fcomments&post=71060"}],"version-history":[{"count":0,"href":"https:\/\/elinformante.mx\/index.php?rest_route=\/wp\/v2\/posts\/71060\/revisions"}],"wp:featuredmedia":[{"embeddable":true,"href":"https:\/\/elinformante.mx\/index.php?rest_route=\/wp\/v2\/media\/71061"}],"wp:attachment":[{"href":"https:\/\/elinformante.mx\/index.php?rest_route=%2Fwp%2Fv2%2Fmedia&parent=71060"}],"wp:term":[{"taxonomy":"category","embeddable":true,"href":"https:\/\/elinformante.mx\/index.php?rest_route=%2Fwp%2Fv2%2Fcategories&post=71060"},{"taxonomy":"post_tag","embeddable":true,"href":"https:\/\/elinformante.mx\/index.php?rest_route=%2Fwp%2Fv2%2Ftags&post=71060"}],"curies":[{"name":"wp","href":"https:\/\/api.w.org\/{rel}","templated":true}]}}