{"id":72630,"date":"2025-01-08T06:46:33","date_gmt":"2025-01-08T12:46:33","guid":{"rendered":"https:\/\/elinformante.mx\/?p=72630"},"modified":"2025-01-08T06:46:36","modified_gmt":"2025-01-08T12:46:36","slug":"alcaldias-en-cdmx-ponen-en-marcha-centros-de-acopio-de-arboles-de-navidad-2025","status":"publish","type":"post","link":"https:\/\/elinformante.mx\/?p=72630","title":{"rendered":"Alcald\u00edas en CDMX ponen en marcha centros de acopio de \u00e1rboles de navidad 2025"},"content":{"rendered":"\n<figure class=\"wp-block-pullquote\"><blockquote><p>Son seis alcald\u00edas que recibir\u00e1n pinos de navidad del programa \u201c\u00c1rbol por \u00e1rbol, tu ciudad rejuvenece 2025\u201d.<\/p><\/blockquote><\/figure>\n\n\n\n<p class=\"has-drop-cap\">De la mano del gobierno capitalino, las alcald\u00edas de la CDMX, ponen en marcha el programa \u201c\u00c1rbol por \u00e1rbol, tu ciudad rejuvenece 2025\u201d, el cual tiene como objetivo, promover el cuidado del medio ambiente entre la ciudadan\u00eda a trav\u00e9s de la entrega de una planta a cambio de tu \u00e1rbol de navidad natural.<br><\/p>\n\n\n\n<p>En la actualidad, el pino navide\u00f1o es un s\u00edmbolo e \u00edcono universal que indica el inicio de las fiestas decembrinas, y que permanece en las salas de miles de hogares hasta el D\u00eda de Reyes.<br><\/p>\n\n\n\n<p>Con el programa \u201c\u00c1rbol por \u00e1rbol tu ciudad rejuvenece 2025\u201d, podr\u00e1n dejar el pino natural que ser\u00e1 procesado y reciclado para hacer material de composta, con ello, recibir\u00e1s una planta y estar\u00e1s a su cuidado. As\u00ed la ciudadan\u00eda y el programa cumplen con la misi\u00f3n de cuidar medio ambiente.<br><\/p>\n\n\n\n<h2 class=\"wp-block-heading\">Algunos de los centros de acopio que se encuentran en las alcald\u00edas de CDMX y en donde podr\u00e1s dejar tu \u00e1rbol:<\/h2>\n\n\n\n<h2 class=\"wp-block-heading\">Alcald\u00eda Benito Ju\u00e1rez:<\/h2>\n\n\n\n<ul class=\"wp-block-list\">\n<li>Walmart Universidad, Walmart F\u00e9lix Cuevas, Walmart Georgia, Walmart Calzada de Tlalpan y Parque de los Venados.<\/li>\n<\/ul>\n\n\n\n<h2 class=\"wp-block-heading\">Alcald\u00eda Venustiano Carranza:<\/h2>\n\n\n\n<ul class=\"wp-block-list\">\n<li>Los \u00e1rboles de navidad ser\u00e1n recibidos en la explanada de la alcald\u00eda, estos ser\u00e1n triturados para procesarlos como material para composta.<\/li>\n<\/ul>\n\n\n\n<figure class=\"wp-block-image size-large\"><img fetchpriority=\"high\" decoding=\"async\" width=\"1024\" height=\"506\" src=\"https:\/\/elinformante.mx\/wp-content\/uploads\/2025\/01\/6alcaldias-2-1024x506.jpg\" alt=\"\" class=\"wp-image-72632\" srcset=\"https:\/\/elinformante.mx\/wp-content\/uploads\/2025\/01\/6alcaldias-2-1024x506.jpg 1024w, https:\/\/elinformante.mx\/wp-content\/uploads\/2025\/01\/6alcaldias-2-300x148.jpg 300w, https:\/\/elinformante.mx\/wp-content\/uploads\/2025\/01\/6alcaldias-2-768x379.jpg 768w, https:\/\/elinformante.mx\/wp-content\/uploads\/2025\/01\/6alcaldias-2.jpg 1140w\" sizes=\"(max-width: 1024px) 100vw, 1024px\" \/><\/figure>\n\n\n\n<h2 class=\"wp-block-heading\">Alcald\u00eda \u200bCuajimalpa:<\/h2>\n\n\n\n<ul class=\"wp-block-list\">\n<li>Explanada de la alcald\u00eda, Atrio de la iglesia San Lorenzo Acopilco, Kiosko de la iglesia San Pablo Chimalpa, Walmart El Yaqui, Walmart Express Vista Hermosa.<\/li>\n<\/ul>\n\n\n\n<h2 class=\"wp-block-heading\">Alcald\u00eda Gustavo A. Madero:<\/h2>\n\n\n\n<ul class=\"wp-block-list\">\n<li>Explanada de la alcald\u00eda, Deportivo Los Galeana, Deportivo Miguel Alem\u00e1n, Deportivo Carmen Serd\u00e1n.<br><\/li>\n\n\n\n<li>Campamento: Avenida Loreto Fabela n\u00famero 59, entre avenida 504 y 506, colonia San Juan de Arag\u00f3n 2da Secci\u00f3n<\/li>\n<\/ul>\n\n\n\n<h2 class=\"wp-block-heading\">Alcald\u00eda Miguel Hidalgo:<\/h2>\n\n\n\n<ul class=\"wp-block-list\">\n<li>Explanada de la alcald\u00eda, Glorieta de Bosques de Las Lomas, Deportivo Pav\u00f3n, Plan Sexenal, Parque Lincoln, Parque Escand\u00f3n, Walmart Toreo y Sams Polanco<\/li>\n<\/ul>\n\n\n\n<h2 class=\"wp-block-heading\">Alcald\u00eda Iztapalapa:<\/h2>\n\n\n\n<ul class=\"wp-block-list\">\n<li>Explanada de la alcald\u00eda y Direcciones Territoriales.<\/li>\n<\/ul>\n","protected":false},"excerpt":{"rendered":"<p>Son seis alcald\u00edas que recibir\u00e1n pinos de navidad del programa \u201c\u00c1rbol por \u00e1rbol, tu ciudad rejuvenece 2025\u201d. De la mano del gobierno capitalino, las alcald\u00edas de la CDMX, ponen en marcha el programa \u201c\u00c1rbol por \u00e1rbol, tu ciudad rejuvenece 2025\u201d, el cual tiene como objetivo, promover el cuidado del medio ambiente entre la ciudadan\u00eda a [&hellip;]<\/p>\n","protected":false},"author":1,"featured_media":72631,"comment_status":"closed","ping_status":"closed","sticky":false,"template":"","format":"standard","meta":{"footnotes":""},"categories":[35,30],"tags":[],"class_list":["post-72630","post","type-post","status-publish","format-standard","has-post-thumbnail","hentry","category-cdmx","category-destacado"],"_links":{"self":[{"href":"https:\/\/elinformante.mx\/index.php?rest_route=\/wp\/v2\/posts\/72630","targetHints":{"allow":["GET"]}}],"collection":[{"href":"https:\/\/elinformante.mx\/index.php?rest_route=\/wp\/v2\/posts"}],"about":[{"href":"https:\/\/elinformante.mx\/index.php?rest_route=\/wp\/v2\/types\/post"}],"author":[{"embeddable":true,"href":"https:\/\/elinformante.mx\/index.php?rest_route=\/wp\/v2\/users\/1"}],"replies":[{"embeddable":true,"href":"https:\/\/elinformante.mx\/index.php?rest_route=%2Fwp%2Fv2%2Fcomments&post=72630"}],"version-history":[{"count":0,"href":"https:\/\/elinformante.mx\/index.php?rest_route=\/wp\/v2\/posts\/72630\/revisions"}],"wp:featuredmedia":[{"embeddable":true,"href":"https:\/\/elinformante.mx\/index.php?rest_route=\/wp\/v2\/media\/72631"}],"wp:attachment":[{"href":"https:\/\/elinformante.mx\/index.php?rest_route=%2Fwp%2Fv2%2Fmedia&parent=72630"}],"wp:term":[{"taxonomy":"category","embeddable":true,"href":"https:\/\/elinformante.mx\/index.php?rest_route=%2Fwp%2Fv2%2Fcategories&post=72630"},{"taxonomy":"post_tag","embeddable":true,"href":"https:\/\/elinformante.mx\/index.php?rest_route=%2Fwp%2Fv2%2Ftags&post=72630"}],"curies":[{"name":"wp","href":"https:\/\/api.w.org\/{rel}","templated":true}]}}