{"id":72773,"date":"2025-01-09T06:38:36","date_gmt":"2025-01-09T12:38:36","guid":{"rendered":"https:\/\/elinformante.mx\/?p=72773"},"modified":"2025-01-09T06:38:38","modified_gmt":"2025-01-09T12:38:38","slug":"realizar-operativos-y-detenciones-brindaran-resultados-en-seguridad-garcia-harfuch","status":"publish","type":"post","link":"https:\/\/elinformante.mx\/?p=72773","title":{"rendered":"Realizar operativos y detenciones brindar\u00e1n resultados en seguridad: Garc\u00eda Harfuch"},"content":{"rendered":"\n<figure class=\"wp-block-pullquote\"><blockquote><p>Afirma que se debe fortalecer a las instituciones de seguridad y de procuraci\u00f3n de justicia en las entidades federativas para obtener los resultados deseados.<\/p><\/blockquote><\/figure>\n\n\n\n<p class=\"has-drop-cap\">La realizaci\u00f3n de m\u00e1s operativos, detenciones y el fortalecimiento de las instituciones dar\u00e1n los resultados que se esperan en materia de seguridad, afirm\u00f3 el titular de la Secretar\u00eda de Seguridad y Protecci\u00f3n Ciudadana (SSPC), Omar Garc\u00eda Harfuch.<br><\/p>\n\n\n\n<p>Desde el inicio de este gobierno se han incrementado las operaciones, las detenciones, los operativos, pero, sobre todo y lo m\u00e1s importante, el fortalecimiento de las instituciones de seguridad.<br><\/p>\n\n\n\n<p>Debemos fortalecer a las instituciones de seguridad y de procuraci\u00f3n de justicia en las entidades federativas, porque de no hacerlo dif\u00edcilmente tendremos los resultados que queremos, afirm\u00f3 el funcionario<br><\/p>\n\n\n\n<p>El responsable de las pol\u00edticas de seguridad p\u00fablica del Gobierno de M\u00e9xico, Garc\u00eda Harfuch, particip\u00f3 en la presentaci\u00f3n de la Estrategia de Construcci\u00f3n de Paz en Chiapas, con la asistencia del gobernador Eduardo Ram\u00edrez Aguilar.<br><\/p>\n\n\n\n<p>Tambi\u00e9n estuvieron presentes el fiscal general del Estado, Jos\u00e9 Luis Llaven Abarca, y el titular de la Secretar\u00eda de Seguridad del Pueblo, Oscar Alberto Aparicio Avenda\u00f1o.<br><\/p>\n\n\n\n<figure class=\"wp-block-image size-large\"><img fetchpriority=\"high\" decoding=\"async\" width=\"1024\" height=\"506\" src=\"https:\/\/elinformante.mx\/wp-content\/uploads\/2025\/01\/3GARCIA-1024x506.jpg\" alt=\"\" class=\"wp-image-72775\" srcset=\"https:\/\/elinformante.mx\/wp-content\/uploads\/2025\/01\/3GARCIA-1024x506.jpg 1024w, https:\/\/elinformante.mx\/wp-content\/uploads\/2025\/01\/3GARCIA-300x148.jpg 300w, https:\/\/elinformante.mx\/wp-content\/uploads\/2025\/01\/3GARCIA-768x379.jpg 768w, https:\/\/elinformante.mx\/wp-content\/uploads\/2025\/01\/3GARCIA.jpg 1140w\" sizes=\"(max-width: 1024px) 100vw, 1024px\" \/><\/figure>\n\n\n\n<p>Este Gabinete de Seguridad tambi\u00e9n parte de una premisa muy sencilla: no se pueden reducir los delitos si no detenemos a quienes los cometen; y este principio lo entiende muy bien el se\u00f1or gobernador, y lo entiende muy bien el secretario de Seguridad, y el fiscal de este precioso estado, indic\u00f3 Garc\u00eda Harfuch.<br><\/p>\n\n\n\n<p>Al explicar la Estrategia de Seguridad del Gobierno de M\u00e9xico, el titular de la SSPC destac\u00f3 que este proyecto se distingue por estar dirigido por una sola persona, la presidenta Claudia Sheinbaum.<br><\/p>\n\n\n\n<p>Esta Estrategia de Construcci\u00f3n de Paz, esta Estrategia de Seguridad, se distingue principalmente porque es dirigida todos los d\u00edas por una persona, por la presidenta de M\u00e9xico, la doctora Claudia Sheinbaum.<br><\/p>\n\n\n\n<p>\u201cElla, todos los d\u00edas, como comandanta suprema de las Fuerzas Armadas, coordina y dirige las estrategias de seguridad que tiene que llevar este pa\u00eds, que se dividen en cuatro ejes\u201d, indic\u00f3.<br><\/p>\n\n\n\n<p>Garc\u00eda Harfuch agreg\u00f3 que, adem\u00e1s de atender las causas que generan la violencia en el pa\u00eds, se trabaja en la consolidaci\u00f3n de la Guardia Nacional, dentro de la Secretar\u00eda de la Defensa Nacional (Defensa), adem\u00e1s del fortalecimiento de las capacidades de investigaci\u00f3n e inteligencia del Estado Mexicano.<\/p>\n","protected":false},"excerpt":{"rendered":"<p>Afirma que se debe fortalecer a las instituciones de seguridad y de procuraci\u00f3n de justicia en las entidades federativas para obtener los resultados deseados. La realizaci\u00f3n de m\u00e1s operativos, detenciones y el fortalecimiento de las instituciones dar\u00e1n los resultados que se esperan en materia de seguridad, afirm\u00f3 el titular de la Secretar\u00eda de Seguridad y [&hellip;]<\/p>\n","protected":false},"author":1,"featured_media":72774,"comment_status":"closed","ping_status":"closed","sticky":false,"template":"","format":"standard","meta":{"footnotes":""},"categories":[30,34],"tags":[],"class_list":["post-72773","post","type-post","status-publish","format-standard","has-post-thumbnail","hentry","category-destacado","category-nacional"],"_links":{"self":[{"href":"https:\/\/elinformante.mx\/index.php?rest_route=\/wp\/v2\/posts\/72773","targetHints":{"allow":["GET"]}}],"collection":[{"href":"https:\/\/elinformante.mx\/index.php?rest_route=\/wp\/v2\/posts"}],"about":[{"href":"https:\/\/elinformante.mx\/index.php?rest_route=\/wp\/v2\/types\/post"}],"author":[{"embeddable":true,"href":"https:\/\/elinformante.mx\/index.php?rest_route=\/wp\/v2\/users\/1"}],"replies":[{"embeddable":true,"href":"https:\/\/elinformante.mx\/index.php?rest_route=%2Fwp%2Fv2%2Fcomments&post=72773"}],"version-history":[{"count":0,"href":"https:\/\/elinformante.mx\/index.php?rest_route=\/wp\/v2\/posts\/72773\/revisions"}],"wp:featuredmedia":[{"embeddable":true,"href":"https:\/\/elinformante.mx\/index.php?rest_route=\/wp\/v2\/media\/72774"}],"wp:attachment":[{"href":"https:\/\/elinformante.mx\/index.php?rest_route=%2Fwp%2Fv2%2Fmedia&parent=72773"}],"wp:term":[{"taxonomy":"category","embeddable":true,"href":"https:\/\/elinformante.mx\/index.php?rest_route=%2Fwp%2Fv2%2Fcategories&post=72773"},{"taxonomy":"post_tag","embeddable":true,"href":"https:\/\/elinformante.mx\/index.php?rest_route=%2Fwp%2Fv2%2Ftags&post=72773"}],"curies":[{"name":"wp","href":"https:\/\/api.w.org\/{rel}","templated":true}]}}