{"id":72833,"date":"2025-01-10T05:55:02","date_gmt":"2025-01-10T11:55:02","guid":{"rendered":"https:\/\/elinformante.mx\/?p=72833"},"modified":"2025-01-10T05:55:04","modified_gmt":"2025-01-10T11:55:04","slug":"muestran-foto-de-kate-middleton-para-celebrar-su-cumpleanos-43","status":"publish","type":"post","link":"https:\/\/elinformante.mx\/?p=72833","title":{"rendered":"Muestran foto de Kate Middleton para celebrar su cumplea\u00f1os 43"},"content":{"rendered":"\n<figure class=\"wp-block-pullquote\"><blockquote><p>La foto in\u00e9dita estuvo acompa\u00f1ada de un mensaje de agradecimiento.<\/p><\/blockquote><\/figure>\n\n\n\n<p class=\"has-drop-cap\">Tras un ca\u00f3tico a\u00f1o 2024, lleno de pesar e incertidumbre, la princesa Kate Middleton se encuentra celebrando su cumplea\u00f1os n\u00famero 43, y para ello se tom\u00f3 una foto nunca antes vista, la cual comparti\u00f3 en la cuenta oficial de Instagram de los futuros reyes. Qui\u00e9n le dedico unas palabras a la princesa fue su esposo e hijo de Lady Di, que conmovi\u00f3 a quienes lo leyeron. Cabe recordar que el 2024 pudo vencer el c\u00e1ncer que la aquej\u00f3 y que gener\u00f3 toda clase de especulaciones. Finalmente, la princesa anunci\u00f3 en septiembre pasado que hab\u00eda logrado vencer la enfermedad tras someterse a quimioterapia.<br><\/p>\n\n\n\n<p>\u201cPara la esposa y madre m\u00e1s incre\u00edble. La fortaleza que has demostrado durante el \u00faltimo a\u00f1o ha sido notable. George, Charlotte, Louis y yo estamos muy orgullosos de ti. Feliz cumplea\u00f1os, Catherine. Te amamos. W\u201d, se lee en el mensaje, compartido en Instagram y X.<br><\/p>\n\n\n\n<p>El mensaje fue acompa\u00f1ado por una imagen nunca antes vista de la princesa de Gales, tomada por el fot\u00f3grafo real Matt Porteous, en Windsor, el verano pasado.<br><\/p>\n\n\n\n<p>La imagen en blanco y negro muestra a Kate relajada en casa, con jeans, una chaqueta y una bufanda de cuadros. Pos\u00f3 con las manos en los bolsillos, mostrando su anillo de compromiso, mientras llevaba el cabello recogido.<br><\/p>\n\n\n\n<figure class=\"wp-block-image size-large\"><img fetchpriority=\"high\" decoding=\"async\" width=\"1024\" height=\"506\" src=\"https:\/\/elinformante.mx\/wp-content\/uploads\/2025\/01\/15muestran-2-1024x506.jpg\" alt=\"\" class=\"wp-image-72835\" srcset=\"https:\/\/elinformante.mx\/wp-content\/uploads\/2025\/01\/15muestran-2-1024x506.jpg 1024w, https:\/\/elinformante.mx\/wp-content\/uploads\/2025\/01\/15muestran-2-300x148.jpg 300w, https:\/\/elinformante.mx\/wp-content\/uploads\/2025\/01\/15muestran-2-768x379.jpg 768w, https:\/\/elinformante.mx\/wp-content\/uploads\/2025\/01\/15muestran-2.jpg 1140w\" sizes=\"(max-width: 1024px) 100vw, 1024px\" \/><\/figure>\n\n\n\n<p>El rey Carlos y Camilla compartieron una foto de Kate durante su paseo del d\u00eda de Navidad en Sandringham y agregaron un mensaje que dec\u00eda: \u201cFeliz cumplea\u00f1os a la princesa de Gales\u201d, encima de la foto de ella, radiante y sosteniendo un ramo de flores.<br><\/p>\n\n\n\n<p>Fue el a\u00f1o pasado, cuando, poco despu\u00e9s de celebrar su 42 cumplea\u00f1os, el Palacio de Kensington anunci\u00f3 que la princesa de Gales hab\u00eda sido trasladada al hospital para una cirug\u00eda abdominal y que pausar\u00eda sus funciones p\u00fablicas mientras se recuperaba.<br><\/p>\n\n\n\n<p>Pero su tiempo fuera del centro de atenci\u00f3n aliment\u00f3 especulaciones sobre su salud, y en marzo de 2024, Kate anunci\u00f3 en un video que los m\u00e9dicos determinaron que padec\u00eda c\u00e1ncer en su cuerpo despu\u00e9s de realizar pruebas.<br><\/p>\n\n\n\n<p>Kate revel\u00f3 que se someter\u00eda a un tratamiento de quimioterapia y se tomar\u00eda un tiempo indefinido fuera de sus deberes p\u00fablicos mientras priorizaba su recuperaci\u00f3n.<br><\/p>\n\n\n\n<p>Su esposo, el pr\u00edncipe William tambi\u00e9n redujo sus compromisos p\u00fablicos al poner la vida familiar y la recuperaci\u00f3n de su esposa en primer plano, mientras que su padre, el rey Carlos, tambi\u00e9n recib\u00eda tratamiento contra el c\u00e1ncer.<\/p>\n","protected":false},"excerpt":{"rendered":"<p>La foto in\u00e9dita estuvo acompa\u00f1ada de un mensaje de agradecimiento. Tras un ca\u00f3tico a\u00f1o 2024, lleno de pesar e incertidumbre, la princesa Kate Middleton se encuentra celebrando su cumplea\u00f1os n\u00famero 43, y para ello se tom\u00f3 una foto nunca antes vista, la cual comparti\u00f3 en la cuenta oficial de Instagram de los futuros reyes. Qui\u00e9n [&hellip;]<\/p>\n","protected":false},"author":1,"featured_media":72834,"comment_status":"closed","ping_status":"closed","sticky":false,"template":"","format":"standard","meta":{"footnotes":""},"categories":[30,39],"tags":[],"class_list":["post-72833","post","type-post","status-publish","format-standard","has-post-thumbnail","hentry","category-destacado","category-espectaculos"],"_links":{"self":[{"href":"https:\/\/elinformante.mx\/index.php?rest_route=\/wp\/v2\/posts\/72833","targetHints":{"allow":["GET"]}}],"collection":[{"href":"https:\/\/elinformante.mx\/index.php?rest_route=\/wp\/v2\/posts"}],"about":[{"href":"https:\/\/elinformante.mx\/index.php?rest_route=\/wp\/v2\/types\/post"}],"author":[{"embeddable":true,"href":"https:\/\/elinformante.mx\/index.php?rest_route=\/wp\/v2\/users\/1"}],"replies":[{"embeddable":true,"href":"https:\/\/elinformante.mx\/index.php?rest_route=%2Fwp%2Fv2%2Fcomments&post=72833"}],"version-history":[{"count":0,"href":"https:\/\/elinformante.mx\/index.php?rest_route=\/wp\/v2\/posts\/72833\/revisions"}],"wp:featuredmedia":[{"embeddable":true,"href":"https:\/\/elinformante.mx\/index.php?rest_route=\/wp\/v2\/media\/72834"}],"wp:attachment":[{"href":"https:\/\/elinformante.mx\/index.php?rest_route=%2Fwp%2Fv2%2Fmedia&parent=72833"}],"wp:term":[{"taxonomy":"category","embeddable":true,"href":"https:\/\/elinformante.mx\/index.php?rest_route=%2Fwp%2Fv2%2Fcategories&post=72833"},{"taxonomy":"post_tag","embeddable":true,"href":"https:\/\/elinformante.mx\/index.php?rest_route=%2Fwp%2Fv2%2Ftags&post=72833"}],"curies":[{"name":"wp","href":"https:\/\/api.w.org\/{rel}","templated":true}]}}