{"id":72841,"date":"2025-01-10T05:57:37","date_gmt":"2025-01-10T11:57:37","guid":{"rendered":"https:\/\/elinformante.mx\/?p=72841"},"modified":"2025-01-10T05:57:38","modified_gmt":"2025-01-10T11:57:38","slug":"anuncian-juego-de-seleccion-mexicana-contra-river-plate","status":"publish","type":"post","link":"https:\/\/elinformante.mx\/?p=72841","title":{"rendered":"Anuncian juego de Selecci\u00f3n Mexicana contra River Plate"},"content":{"rendered":"\n<figure class=\"wp-block-pullquote\"><blockquote><p>El juego se realizar\u00e1 en Argentina, tambi\u00e9n se enfrentar\u00e1 contra el Inter de Porto Alegre, en Brasil.<\/p><\/blockquote><\/figure>\n\n\n\n<p class=\"has-drop-cap\">Fueron anunciados por la Selecci\u00f3n Mexicana de f\u00fatbol que el 21 de enero pr\u00f3ximo visitar\u00e1 al River Plate al que se enfrentar\u00e1 en un partido amistoso en el Estadio M\u00e1s Monumental de Buenos Aires, Argentina.<br><\/p>\n\n\n\n<p>Ser\u00e1 el segundo encuentro que los mexicanos tendr\u00e1n en su gira por Sudam\u00e9rica de enero. Antes, el d\u00eda 16, disputar\u00e1 un duelo de preparaci\u00f3n ante el Inter de Porto Alegre en el Estadio Beira-Rio de Porto Alegre, Brasil.<br><\/p>\n\n\n\n<figure class=\"wp-block-image size-large\"><img fetchpriority=\"high\" decoding=\"async\" width=\"1024\" height=\"506\" src=\"https:\/\/elinformante.mx\/wp-content\/uploads\/2025\/01\/14anuncian-2-1024x506.jpg\" alt=\"\" class=\"wp-image-72843\" srcset=\"https:\/\/elinformante.mx\/wp-content\/uploads\/2025\/01\/14anuncian-2-1024x506.jpg 1024w, https:\/\/elinformante.mx\/wp-content\/uploads\/2025\/01\/14anuncian-2-300x148.jpg 300w, https:\/\/elinformante.mx\/wp-content\/uploads\/2025\/01\/14anuncian-2-768x379.jpg 768w, https:\/\/elinformante.mx\/wp-content\/uploads\/2025\/01\/14anuncian-2.jpg 1140w\" sizes=\"(max-width: 1024px) 100vw, 1024px\" \/><\/figure>\n\n\n\n<p>Estos duelos no formar\u00e1n parte de alguna fecha FIFA, por lo que es probable que Javier Aguirre, seleccionador de M\u00e9xico, recurra a una lista de puros futbolistas de la liga local, sin las figuras que militan en el balompi\u00e9 europeo como Santiago Gim\u00e9nez, del Feyenoord, y Ra\u00fal Jim\u00e9nez, del Fulham ingl\u00e9s.<br><\/p>\n\n\n\n<p>Aguirre le ha solicitado a los directivos de la Federaci\u00f3n Mexicana de F\u00fatbol rivales de primer nivel y ante falta de otras selecciones, varias de las cuales disputan torneos oficiales en las ventanas FIFA, han tenido que optar por clubes, como cuando en octubre pasado el Tri igual\u00f3 2-2 con el Valencia espa\u00f1ol.<br><\/p>\n\n\n\n<p>Los mexicanos se preparan para la Copa del Mundo 2026, a la cual ya est\u00e1n clasificados porque son uno de los organizadores junto a Estados Unidos y Canad\u00e1.<\/p>\n","protected":false},"excerpt":{"rendered":"<p>El juego se realizar\u00e1 en Argentina, tambi\u00e9n se enfrentar\u00e1 contra el Inter de Porto Alegre, en Brasil. Fueron anunciados por la Selecci\u00f3n Mexicana de f\u00fatbol que el 21 de enero pr\u00f3ximo visitar\u00e1 al River Plate al que se enfrentar\u00e1 en un partido amistoso en el Estadio M\u00e1s Monumental de Buenos Aires, Argentina. Ser\u00e1 el segundo [&hellip;]<\/p>\n","protected":false},"author":1,"featured_media":72842,"comment_status":"closed","ping_status":"closed","sticky":false,"template":"","format":"standard","meta":{"footnotes":""},"categories":[38,30],"tags":[],"class_list":["post-72841","post","type-post","status-publish","format-standard","has-post-thumbnail","hentry","category-deportes","category-destacado"],"_links":{"self":[{"href":"https:\/\/elinformante.mx\/index.php?rest_route=\/wp\/v2\/posts\/72841","targetHints":{"allow":["GET"]}}],"collection":[{"href":"https:\/\/elinformante.mx\/index.php?rest_route=\/wp\/v2\/posts"}],"about":[{"href":"https:\/\/elinformante.mx\/index.php?rest_route=\/wp\/v2\/types\/post"}],"author":[{"embeddable":true,"href":"https:\/\/elinformante.mx\/index.php?rest_route=\/wp\/v2\/users\/1"}],"replies":[{"embeddable":true,"href":"https:\/\/elinformante.mx\/index.php?rest_route=%2Fwp%2Fv2%2Fcomments&post=72841"}],"version-history":[{"count":0,"href":"https:\/\/elinformante.mx\/index.php?rest_route=\/wp\/v2\/posts\/72841\/revisions"}],"wp:featuredmedia":[{"embeddable":true,"href":"https:\/\/elinformante.mx\/index.php?rest_route=\/wp\/v2\/media\/72842"}],"wp:attachment":[{"href":"https:\/\/elinformante.mx\/index.php?rest_route=%2Fwp%2Fv2%2Fmedia&parent=72841"}],"wp:term":[{"taxonomy":"category","embeddable":true,"href":"https:\/\/elinformante.mx\/index.php?rest_route=%2Fwp%2Fv2%2Fcategories&post=72841"},{"taxonomy":"post_tag","embeddable":true,"href":"https:\/\/elinformante.mx\/index.php?rest_route=%2Fwp%2Fv2%2Ftags&post=72841"}],"curies":[{"name":"wp","href":"https:\/\/api.w.org\/{rel}","templated":true}]}}