{"id":72857,"date":"2025-01-10T06:11:51","date_gmt":"2025-01-10T12:11:51","guid":{"rendered":"https:\/\/elinformante.mx\/?p=72857"},"modified":"2025-01-10T06:11:53","modified_gmt":"2025-01-10T12:11:53","slug":"difem-entrega-cobertores-a-grupos-vulnerables","status":"publish","type":"post","link":"https:\/\/elinformante.mx\/?p=72857","title":{"rendered":"DIFEM entrega cobertores a grupos vulnerables"},"content":{"rendered":"\n<figure class=\"wp-block-pullquote\"><blockquote><p>Las prendas fueron entregadas a beneficiarios de la zona centro-norte, zona nororiente, regi\u00f3n sur, y oriente de la entidad.<\/p><\/blockquote><\/figure>\n\n\n\n<p class=\"has-drop-cap\">Como parte de la estrategia del Gobierno de la Maestra Delfina G\u00f3mez \u00c1lvarez para atender las necesidades de las familias mexiquenses, el Sistema para el Desarrollo Integral de la Familia del Estado de M\u00e9xico (DIFEM), ha entregado m\u00e1s de 29 mil cobertores a ni\u00f1as y ni\u00f1os menores de cinco a\u00f1os de edad, adultos mayores y personas con discapacidad, para protegerlos ante los riesgos de las bajas temperaturas propias de la presente temporada invernal.<br><\/p>\n\n\n\n<p>A trav\u00e9s de la Jornada Invernal \u201cCobijando Sonrisas\u201d, vigente en los meses de noviembre, diciembre y enero, los apoyos se han distribuido de forma estrat\u00e9gica en la zona centro-norte de la entidad, donde se entregaron 13 mil 171 cobertores; en la zona nororiente, 4 mil 937; en la regi\u00f3n sur, 3 mil 878 prendas de este tipo; en tanto que para la parte oriente fueron 7 mil 281 cobertores.<br><\/p>\n\n\n\n<figure class=\"wp-block-image size-large\"><img fetchpriority=\"high\" decoding=\"async\" width=\"1024\" height=\"506\" src=\"https:\/\/elinformante.mx\/wp-content\/uploads\/2025\/01\/12difem-2-1024x506.jpg\" alt=\"\" class=\"wp-image-72860\" srcset=\"https:\/\/elinformante.mx\/wp-content\/uploads\/2025\/01\/12difem-2-1024x506.jpg 1024w, https:\/\/elinformante.mx\/wp-content\/uploads\/2025\/01\/12difem-2-300x148.jpg 300w, https:\/\/elinformante.mx\/wp-content\/uploads\/2025\/01\/12difem-2-768x379.jpg 768w, https:\/\/elinformante.mx\/wp-content\/uploads\/2025\/01\/12difem-2.jpg 1140w\" sizes=\"(max-width: 1024px) 100vw, 1024px\" \/><\/figure>\n\n\n\n<p>Karina Labastida Sotelo, Directora General del DIFEM, destac\u00f3 que esta acci\u00f3n fue resultado de las gestiones que realizaron los Sistemas Municipales DIF; as\u00ed como la indicaci\u00f3n de la Gobernadora Delfina G\u00f3mez \u00c1lvarez de tener m\u00e1s territorio y menos escritorio, para atender, a trav\u00e9s de todos los programas del organismo asistencial, las necesidades de los mexiquenses con la calidez y cercan\u00eda.<br><\/p>\n\n\n\n<p>Al recibir las prendas, las madres de familia coincidieron en se\u00f1alar que los cobertores ser\u00edan colocados en las camas de sus hijos, de los padres, abuelos y personas con discapacidad, para seguir cuidando de ellos con el cari\u00f1o y amor que necesitan, por lo que agradecieron a al Gobierno del Estado de M\u00e9xico el apoyo para cuidar su salud en esta \u00e9poca del a\u00f1o.<\/p>\n","protected":false},"excerpt":{"rendered":"<p>Las prendas fueron entregadas a beneficiarios de la zona centro-norte, zona nororiente, regi\u00f3n sur, y oriente de la entidad. Como parte de la estrategia del Gobierno de la Maestra Delfina G\u00f3mez \u00c1lvarez para atender las necesidades de las familias mexiquenses, el Sistema para el Desarrollo Integral de la Familia del Estado de M\u00e9xico (DIFEM), ha [&hellip;]<\/p>\n","protected":false},"author":1,"featured_media":72859,"comment_status":"closed","ping_status":"closed","sticky":false,"template":"","format":"standard","meta":{"footnotes":""},"categories":[30,36],"tags":[],"class_list":["post-72857","post","type-post","status-publish","format-standard","has-post-thumbnail","hentry","category-destacado","category-edomex"],"_links":{"self":[{"href":"https:\/\/elinformante.mx\/index.php?rest_route=\/wp\/v2\/posts\/72857","targetHints":{"allow":["GET"]}}],"collection":[{"href":"https:\/\/elinformante.mx\/index.php?rest_route=\/wp\/v2\/posts"}],"about":[{"href":"https:\/\/elinformante.mx\/index.php?rest_route=\/wp\/v2\/types\/post"}],"author":[{"embeddable":true,"href":"https:\/\/elinformante.mx\/index.php?rest_route=\/wp\/v2\/users\/1"}],"replies":[{"embeddable":true,"href":"https:\/\/elinformante.mx\/index.php?rest_route=%2Fwp%2Fv2%2Fcomments&post=72857"}],"version-history":[{"count":0,"href":"https:\/\/elinformante.mx\/index.php?rest_route=\/wp\/v2\/posts\/72857\/revisions"}],"wp:featuredmedia":[{"embeddable":true,"href":"https:\/\/elinformante.mx\/index.php?rest_route=\/wp\/v2\/media\/72859"}],"wp:attachment":[{"href":"https:\/\/elinformante.mx\/index.php?rest_route=%2Fwp%2Fv2%2Fmedia&parent=72857"}],"wp:term":[{"taxonomy":"category","embeddable":true,"href":"https:\/\/elinformante.mx\/index.php?rest_route=%2Fwp%2Fv2%2Fcategories&post=72857"},{"taxonomy":"post_tag","embeddable":true,"href":"https:\/\/elinformante.mx\/index.php?rest_route=%2Fwp%2Fv2%2Ftags&post=72857"}],"curies":[{"name":"wp","href":"https:\/\/api.w.org\/{rel}","templated":true}]}}