{"id":72869,"date":"2025-01-10T06:22:42","date_gmt":"2025-01-10T12:22:42","guid":{"rendered":"https:\/\/elinformante.mx\/?p=72869"},"modified":"2025-01-10T06:22:44","modified_gmt":"2025-01-10T12:22:44","slug":"regresaron-a-clases-en-edomex-3-millones-de-estudiantes-de-educacion-basica","status":"publish","type":"post","link":"https:\/\/elinformante.mx\/?p=72869","title":{"rendered":"Regresaron a clases en Edom\u00e9x 3 millones de estudiantes de educaci\u00f3n b\u00e1sica"},"content":{"rendered":"\n<figure class=\"wp-block-pullquote\"><blockquote><p>-Retomaron actividades m\u00e1s de 17 mil planteles educativos en la entidad, garantizando un entorno adecuado para estudiantes y docentes.<\/p><\/blockquote><\/figure>\n\n\n\n<p class=\"has-drop-cap\">Un total de 3 millones 001 mil 882 estudiantes de los niveles de educaci\u00f3n inicial, preescolar, primaria y secundaria regresaron este jueves a las aulas en el Estado de M\u00e9xico, despu\u00e9s del descanso por las fiestas decembrinas. Adem\u00e1s, 142 mil 343 docentes retomaron sus actividades en los m\u00e1s de 17 mil 224 planteles educativos de la entidad.<br><\/p>\n\n\n\n<p>Con este regreso a clases, el Gobierno del Estado de M\u00e9xico, encabezado por la Gobernadora Delfina G\u00f3mez \u00c1lvarez, reafirma el compromiso con la educaci\u00f3n como pilar fundamental para el desarrollo social y el bienestar de las y los mexiquenses.<br><\/p>\n\n\n\n<p>Previo a este retorno a las aulas, del 6 al 8 de enero, los docentes participaron en un Taller Intensivo de Formaci\u00f3n Docente, dise\u00f1ado para reforzar sus competencias pedag\u00f3gicas y dotarlos de nuevas herramientas para impactar positivamente en las aulas.<br><\/p>\n\n\n\n<p>Al presenciar el desarrollo de estos talleres en la entidad, Ang\u00e9lica Noem\u00ed Ju\u00e1rez P\u00e9rez, la Subsecretaria de Educaci\u00f3n B\u00e1sica de la Secretar\u00eda de Educaci\u00f3n P\u00fablica (SEP), subray\u00f3 que los talleres representan una valiosa oportunidad para reflexionar sobre las pr\u00e1cticas educativas y seguir mejorando la calidad del servicio docente.<br><\/p>\n\n\n\n<p>\u201cEste es un espacio para fortalecer nuestras competencias y continuar avanzando hacia una educaci\u00f3n de calidad para todos los ni\u00f1os y j\u00f3venes del pa\u00eds\u201d, expres\u00f3 Noem\u00ed Ju\u00e1rez P\u00e9rez.<br><\/p>\n\n\n\n<p>Por su parte, Miguel \u00c1ngel Hern\u00e1ndez Espejel, Secretario de Educaci\u00f3n, Ciencia, Tecnolog\u00eda e Innovaci\u00f3n (SECTI), destac\u00f3 la relevancia de estos talleres en el marco de la Nueva Escuela Mexicana, cuyo prop\u00f3sito es transformar la educaci\u00f3n desde las aulas.<br><\/p>\n\n\n\n<p>\u201cEste tipo de encuentros permiten a los maestros compartir experiencias, fortalecer sus pr\u00e1cticas y contribuir a la construcci\u00f3n de una educaci\u00f3n de calidad\u201d, se\u00f1al\u00f3 el titular de la SECTI.<br><\/p>\n\n\n\n<p>Los talleres, realizados en diversos puntos de la entidad, tuvieron como objetivo fortalecer las capacidades docentes y contribuir a la mejora continua de la ense\u00f1anza. Uno de los encuentros tuvo lugar en la Escuela Primaria \u201cJaime Nun\u00f3\u201d, ubicada en la zona escolar 353, y cont\u00f3 con la participaci\u00f3n de autoridades educativas tanto federales como estatales.<br><\/p>\n\n\n\n<p>El Gobierno del Estado de M\u00e9xico sigue comprometido con el apoyo a los docentes, asegurando que los estudiantes mexiquenses cuenten con un entorno educativo adecuado y fortalecido, alineado con los principios de la Nueva Escuela Mexicana y el Humanismo Mexicano.<\/p>\n","protected":false},"excerpt":{"rendered":"<p>-Retomaron actividades m\u00e1s de 17 mil planteles educativos en la entidad, garantizando un entorno adecuado para estudiantes y docentes. Un total de 3 millones 001 mil 882 estudiantes de los niveles de educaci\u00f3n inicial, preescolar, primaria y secundaria regresaron este jueves a las aulas en el Estado de M\u00e9xico, despu\u00e9s del descanso por las fiestas [&hellip;]<\/p>\n","protected":false},"author":1,"featured_media":72870,"comment_status":"closed","ping_status":"closed","sticky":false,"template":"","format":"standard","meta":{"footnotes":""},"categories":[36],"tags":[],"class_list":["post-72869","post","type-post","status-publish","format-standard","has-post-thumbnail","hentry","category-edomex"],"_links":{"self":[{"href":"https:\/\/elinformante.mx\/index.php?rest_route=\/wp\/v2\/posts\/72869","targetHints":{"allow":["GET"]}}],"collection":[{"href":"https:\/\/elinformante.mx\/index.php?rest_route=\/wp\/v2\/posts"}],"about":[{"href":"https:\/\/elinformante.mx\/index.php?rest_route=\/wp\/v2\/types\/post"}],"author":[{"embeddable":true,"href":"https:\/\/elinformante.mx\/index.php?rest_route=\/wp\/v2\/users\/1"}],"replies":[{"embeddable":true,"href":"https:\/\/elinformante.mx\/index.php?rest_route=%2Fwp%2Fv2%2Fcomments&post=72869"}],"version-history":[{"count":0,"href":"https:\/\/elinformante.mx\/index.php?rest_route=\/wp\/v2\/posts\/72869\/revisions"}],"wp:featuredmedia":[{"embeddable":true,"href":"https:\/\/elinformante.mx\/index.php?rest_route=\/wp\/v2\/media\/72870"}],"wp:attachment":[{"href":"https:\/\/elinformante.mx\/index.php?rest_route=%2Fwp%2Fv2%2Fmedia&parent=72869"}],"wp:term":[{"taxonomy":"category","embeddable":true,"href":"https:\/\/elinformante.mx\/index.php?rest_route=%2Fwp%2Fv2%2Fcategories&post=72869"},{"taxonomy":"post_tag","embeddable":true,"href":"https:\/\/elinformante.mx\/index.php?rest_route=%2Fwp%2Fv2%2Ftags&post=72869"}],"curies":[{"name":"wp","href":"https:\/\/api.w.org\/{rel}","templated":true}]}}