{"id":72892,"date":"2025-01-10T07:05:42","date_gmt":"2025-01-10T13:05:42","guid":{"rendered":"https:\/\/elinformante.mx\/?p=72892"},"modified":"2025-01-10T07:05:44","modified_gmt":"2025-01-10T13:05:44","slug":"rinde-informe-de-100-dias-alessandra-rojo-de-la-vega-en-alcaldia-cuauhtemoc","status":"publish","type":"post","link":"https:\/\/elinformante.mx\/?p=72892","title":{"rendered":"Rinde informe de 100 d\u00edas Alessandra Rojo de la Vega en alcald\u00eda Cuauht\u00e9moc"},"content":{"rendered":"\n<figure class=\"wp-block-pullquote\"><blockquote><p>La alcaldesa destac\u00f3 que la demarcaci\u00f3n que gobierna es la m\u00e1s feminista.<\/p><\/blockquote><\/figure>\n\n\n\n<p class=\"has-drop-cap\">La alcaldesa de la Cuauht\u00e9moc, Alessandra Rojo de la Vega, rindi\u00f3 su informe a 100 d\u00edas de gobierno frente de la demarcaci\u00f3n, la tarde de este jueves.<br><\/p>\n\n\n\n<p>Destac\u00f3 que la demarcaci\u00f3n que gobierna es la m\u00e1s feminista, y se ha priorizado la seguridad y bienestar de las mujeres.<br><\/p>\n\n\n\n<p>Adem\u00e1s inform\u00f3 que en lo que va de su gobierno han sido la primera demarcaci\u00f3n en instalar el gabinete violeta para tratar asuntos relacionados con la violencia de g\u00e9nero.<br><\/p>\n\n\n\n<p>Dio a conocer que se han instalado 100 puntos violenta en distintos puntos de la alcald\u00eda, donde las mujeres pueden acudir en caso de sentirse en peligro o haber sido v\u00edctimas de alg\u00fan delito.<br><\/p>\n\n\n\n<figure class=\"wp-block-image size-large\"><img fetchpriority=\"high\" decoding=\"async\" width=\"1024\" height=\"506\" src=\"https:\/\/elinformante.mx\/wp-content\/uploads\/2025\/01\/6cuauhtemoc-2-2-1024x506.jpg\" alt=\"\" class=\"wp-image-72894\" srcset=\"https:\/\/elinformante.mx\/wp-content\/uploads\/2025\/01\/6cuauhtemoc-2-2-1024x506.jpg 1024w, https:\/\/elinformante.mx\/wp-content\/uploads\/2025\/01\/6cuauhtemoc-2-2-300x148.jpg 300w, https:\/\/elinformante.mx\/wp-content\/uploads\/2025\/01\/6cuauhtemoc-2-2-768x379.jpg 768w, https:\/\/elinformante.mx\/wp-content\/uploads\/2025\/01\/6cuauhtemoc-2-2.jpg 1140w\" sizes=\"(max-width: 1024px) 100vw, 1024px\" \/><\/figure>\n\n\n\n<p>Resalt\u00f3 que el personal de su administraci\u00f3n se ha capacitado en derechos humanos y perspectiva de g\u00e9nero. Aunado a que se construy\u00f3 la Casa de la Mujer en la que han sido atendidas m\u00e1s de mil en estos primeros 100 d\u00edas.<br><\/p>\n\n\n\n<p>Dijo que tambi\u00e9n ya se han comenzado atender casos de acoso que exist\u00edan dentro de las distintas dependencias de la demarcaci\u00f3n desde 2018 y, que hasta apenas se hab\u00eda decidido a alzar la voz.<br><\/p>\n\n\n\n<p>Asegur\u00f3 que otro de los logros de su administraci\u00f3n es que son la demarcaci\u00f3n que m\u00e1s extorsionadores ha detenido con el 25 por ciento del total, adem\u00e1s de los 61 operativos que se han realizado contra las cheler\u00edas.<br><\/p>\n\n\n\n<p>Tambi\u00e9n asegur\u00f3 que son la primera alcald\u00eda en actualizar el programa de recolecci\u00f3n de residuos s\u00f3lidos, esto junto con un programa de reciclaje de la mano con Protecci\u00f3n Civil.<\/p>\n","protected":false},"excerpt":{"rendered":"<p>La alcaldesa destac\u00f3 que la demarcaci\u00f3n que gobierna es la m\u00e1s feminista. La alcaldesa de la Cuauht\u00e9moc, Alessandra Rojo de la Vega, rindi\u00f3 su informe a 100 d\u00edas de gobierno frente de la demarcaci\u00f3n, la tarde de este jueves. Destac\u00f3 que la demarcaci\u00f3n que gobierna es la m\u00e1s feminista, y se ha priorizado la seguridad [&hellip;]<\/p>\n","protected":false},"author":1,"featured_media":72893,"comment_status":"closed","ping_status":"closed","sticky":false,"template":"","format":"standard","meta":{"footnotes":""},"categories":[35],"tags":[],"class_list":["post-72892","post","type-post","status-publish","format-standard","has-post-thumbnail","hentry","category-cdmx"],"_links":{"self":[{"href":"https:\/\/elinformante.mx\/index.php?rest_route=\/wp\/v2\/posts\/72892","targetHints":{"allow":["GET"]}}],"collection":[{"href":"https:\/\/elinformante.mx\/index.php?rest_route=\/wp\/v2\/posts"}],"about":[{"href":"https:\/\/elinformante.mx\/index.php?rest_route=\/wp\/v2\/types\/post"}],"author":[{"embeddable":true,"href":"https:\/\/elinformante.mx\/index.php?rest_route=\/wp\/v2\/users\/1"}],"replies":[{"embeddable":true,"href":"https:\/\/elinformante.mx\/index.php?rest_route=%2Fwp%2Fv2%2Fcomments&post=72892"}],"version-history":[{"count":0,"href":"https:\/\/elinformante.mx\/index.php?rest_route=\/wp\/v2\/posts\/72892\/revisions"}],"wp:featuredmedia":[{"embeddable":true,"href":"https:\/\/elinformante.mx\/index.php?rest_route=\/wp\/v2\/media\/72893"}],"wp:attachment":[{"href":"https:\/\/elinformante.mx\/index.php?rest_route=%2Fwp%2Fv2%2Fmedia&parent=72892"}],"wp:term":[{"taxonomy":"category","embeddable":true,"href":"https:\/\/elinformante.mx\/index.php?rest_route=%2Fwp%2Fv2%2Fcategories&post=72892"},{"taxonomy":"post_tag","embeddable":true,"href":"https:\/\/elinformante.mx\/index.php?rest_route=%2Fwp%2Fv2%2Ftags&post=72892"}],"curies":[{"name":"wp","href":"https:\/\/api.w.org\/{rel}","templated":true}]}}