{"id":72896,"date":"2025-01-10T07:13:19","date_gmt":"2025-01-10T13:13:19","guid":{"rendered":"https:\/\/elinformante.mx\/?p=72896"},"modified":"2025-01-10T07:13:22","modified_gmt":"2025-01-10T13:13:22","slug":"inician-jornada-casa-por-casa-en-la-alcaldia-miguel-hidalgo","status":"publish","type":"post","link":"https:\/\/elinformante.mx\/?p=72896","title":{"rendered":"Inician jornada \u201cCasa por Casa\u201d en la alcald\u00eda Miguel Hidalgo"},"content":{"rendered":"\n<figure class=\"wp-block-pullquote\"><blockquote><p>El alcalde de la Miguel Hidalgo, Mauricio Tabe Echartea, destac\u00f3 el trabajo coordinado entre autoridades capitalinas, con el fin de garantizar el bienestar para las y los ciudadanos.<\/p><\/blockquote><\/figure>\n\n\n\n<p class=\"has-drop-cap\">En este inicio de a\u00f1o, se inici\u00f3 con todo en la alcald\u00eda Miguel Hidalgo, en donde se llev\u00f3 a cabo la primera jornada del programa Casa por Casa, realizado en la colonia Tacuba, donde autoridades de la Ciudad de M\u00e9xico atendieron las distintas demandas de los ciudadanos, y reafirmaron el compromiso de hacer un gobierno cercano al pueblo.<br><\/p>\n\n\n\n<p>El secretario de Planeaci\u00f3n, Ordenamiento Territorial y Coordinaci\u00f3n Metropolitana, Alejandro Encinas Rodr\u00edguez, mencion\u00f3 que uno de los proyectos para beneficiar a las y los habitantes de la Miguel Hidalgo es la recuperaci\u00f3n del edificio de la Pensil, entre otros.<br><\/p>\n\n\n\n<p>\u201cY tambi\u00e9n vamos a atender este respiradero del Metro, que se meti\u00f3 en el coraz\u00f3n de la colonia, y que se ha convertido tambi\u00e9n en un problema. A ver qu\u00e9 mejor aprovechamiento hacemos de este espacio p\u00fablico, porque no basta lo que se estableci\u00f3 ah\u00ed como un taller de actividades art\u00edsticas, sino que se ha generado un conflicto en la comunidad, porque no hemos manejado bien este espacio que requiere atenci\u00f3n\u201d, dijo el funcionario.<br><\/p>\n\n\n\n<figure class=\"wp-block-image size-large\"><img fetchpriority=\"high\" decoding=\"async\" width=\"1024\" height=\"506\" src=\"https:\/\/elinformante.mx\/wp-content\/uploads\/2025\/01\/6miguel-1024x506.jpg\" alt=\"\" class=\"wp-image-72898\" srcset=\"https:\/\/elinformante.mx\/wp-content\/uploads\/2025\/01\/6miguel-1024x506.jpg 1024w, https:\/\/elinformante.mx\/wp-content\/uploads\/2025\/01\/6miguel-300x148.jpg 300w, https:\/\/elinformante.mx\/wp-content\/uploads\/2025\/01\/6miguel-768x379.jpg 768w, https:\/\/elinformante.mx\/wp-content\/uploads\/2025\/01\/6miguel.jpg 1140w\" sizes=\"(max-width: 1024px) 100vw, 1024px\" \/><\/figure>\n\n\n\n<p>El subsecretario de Participaci\u00f3n Ciudadana, \u00c1ngel S\u00e1nchez Cort\u00e9s, expres\u00f3: \u201cqueremos recordarles que en este gobierno de la Ciudad de M\u00e9xico hay toda la voluntad para poder caminar de la mano con todo el pueblo, con todos los gobernantes, con todas las alcald\u00edas, porque lo m\u00e1s importante es la gente\u201d.<br><\/p>\n\n\n\n<p>Ante vecinas y vecinos, \u00c1ngel S\u00e1nchez record\u00f3 que durante 2024 se realizaron nueve jornadas de este programa, en donde se obtuvieron un total de 28 mil 287 folios, de los cuales 22 mil 650 han sido atendidos y resueltos por las autoridades correspondientes.<br><\/p>\n\n\n\n<p>Asimismo, detall\u00f3 que \u201cen el caso de la colonia Tacuba, tenemos ya 465 folios debidamente requisitados, de los cuales la poda y el retiro de \u00e1rbol es la m\u00e1s demandada, hay 82 peticiones; despu\u00e9s, reparaci\u00f3n y mantenimiento de alumbrado p\u00fablico, esa est\u00e1 en segundo lugar con 73 peticiones; bacheo, 42; solicitud de vigilancia, 40; limpieza de la v\u00eda p\u00fablica, 37 solicitudes; 32 de desazolve; mantenimiento de banquetas, 25; pavimentaci\u00f3n y reencarpetado, (hay 19 calles que lo requieren); mantenimiento de la v\u00eda p\u00fablica en general, 14; recolecci\u00f3n de basura, 13, y entre otras peticiones hay 108\u201d.<br><\/p>\n\n\n\n<p>Finalmente, el alcalde de la Miguel Hidalgo, Mauricio Tabe Echartea, destac\u00f3 el trabajo coordinado entre autoridades capitalinas, con el fin de garantizar el bienestar para las y los ciudadanos.<\/p>\n","protected":false},"excerpt":{"rendered":"<p>El alcalde de la Miguel Hidalgo, Mauricio Tabe Echartea, destac\u00f3 el trabajo coordinado entre autoridades capitalinas, con el fin de garantizar el bienestar para las y los ciudadanos. En este inicio de a\u00f1o, se inici\u00f3 con todo en la alcald\u00eda Miguel Hidalgo, en donde se llev\u00f3 a cabo la primera jornada del programa Casa por [&hellip;]<\/p>\n","protected":false},"author":1,"featured_media":72897,"comment_status":"closed","ping_status":"closed","sticky":false,"template":"","format":"standard","meta":{"footnotes":""},"categories":[35,30],"tags":[],"class_list":["post-72896","post","type-post","status-publish","format-standard","has-post-thumbnail","hentry","category-cdmx","category-destacado"],"_links":{"self":[{"href":"https:\/\/elinformante.mx\/index.php?rest_route=\/wp\/v2\/posts\/72896","targetHints":{"allow":["GET"]}}],"collection":[{"href":"https:\/\/elinformante.mx\/index.php?rest_route=\/wp\/v2\/posts"}],"about":[{"href":"https:\/\/elinformante.mx\/index.php?rest_route=\/wp\/v2\/types\/post"}],"author":[{"embeddable":true,"href":"https:\/\/elinformante.mx\/index.php?rest_route=\/wp\/v2\/users\/1"}],"replies":[{"embeddable":true,"href":"https:\/\/elinformante.mx\/index.php?rest_route=%2Fwp%2Fv2%2Fcomments&post=72896"}],"version-history":[{"count":0,"href":"https:\/\/elinformante.mx\/index.php?rest_route=\/wp\/v2\/posts\/72896\/revisions"}],"wp:featuredmedia":[{"embeddable":true,"href":"https:\/\/elinformante.mx\/index.php?rest_route=\/wp\/v2\/media\/72897"}],"wp:attachment":[{"href":"https:\/\/elinformante.mx\/index.php?rest_route=%2Fwp%2Fv2%2Fmedia&parent=72896"}],"wp:term":[{"taxonomy":"category","embeddable":true,"href":"https:\/\/elinformante.mx\/index.php?rest_route=%2Fwp%2Fv2%2Fcategories&post=72896"},{"taxonomy":"post_tag","embeddable":true,"href":"https:\/\/elinformante.mx\/index.php?rest_route=%2Fwp%2Fv2%2Ftags&post=72896"}],"curies":[{"name":"wp","href":"https:\/\/api.w.org\/{rel}","templated":true}]}}